{"id":104,"date":"2017-01-25T18:35:24","date_gmt":"2017-01-25T18:35:24","guid":{"rendered":"http:\/\/andreastriebel.de\/?p=104"},"modified":"2017-01-31T20:11:16","modified_gmt":"2017-01-31T20:11:16","slug":"hat-denn-die-spd-immer-noch-nicht-verstanden","status":"publish","type":"post","link":"https:\/\/andreastriebel.de\/?p=104","title":{"rendered":"Hat denn die SPD immer noch nicht verstanden?","gt_translate_keys":[{"key":"rendered","format":"text"}]},"content":{"rendered":"<p>Das Auswechseln von Gesichtern bzw. von Personen bringt zwar ein paar Prozentpunkte aber darum geht es doch garnicht. Der Rechtskurs der SPD mit ihrer Sozialgesetzgebung und der Schr\u00f6der- Agenda zwingt die Unterschicht und gro\u00dfe Teile der Mittelschicht zu den Linksparteien. Ein Teil wandert zu den Rechtspopulisten ab, ein b\u00fcrgerlicher zu den Gr\u00fcnen und die sogenannten Wirtschaftsliberalen werden FDP w\u00e4hlen, auch wenn Gabriel den Einfluss des chinesischen Kapitals zur\u00fcckdr\u00e4ngen will. Es gibt kein Ziel, kein Programm, f\u00fcr das man SPD w\u00e4hlen sollte. Sogar f\u00fcr die Aufnahme von B\u00fcrgerkriegsfl\u00fcchtlingen braucht man diese Partei nicht, dieses Thema h\u00e4lt die CDU glaubw\u00fcrdiger besetzt.<\/p>\n<p>Solange sich die SPD nicht von der neoliberalen Schr\u00f6der- Agenda distanziert, ist sie im politischen Kr\u00e4ftespiel entbehrlich.<\/p>\n<p>&nbsp;<\/p>\n","protected":false,"gt_translate_keys":[{"key":"rendered","format":"html"}]},"excerpt":{"rendered":"<p>Das Auswechseln von Gesichtern bzw. von Personen bringt zwar ein paar Prozentpunkte aber darum geht es doch garnicht. Der Rechtskurs der SPD mit ihrer Sozialgesetzgebung und der Schr\u00f6der- Agenda zwingt&hellip;<\/p>\n","protected":false,"gt_translate_keys":[{"key":"rendered","format":"html"}]},"author":1,"featured_media":0,"comment_status":"open","ping_status":"open","sticky":false,"template":"","format":"standard","meta":{"footnotes":""},"categories":[45,1],"tags":[60,51,61,59,58],"class_list":["post-104","post","type-post","status-publish","format-standard","hentry","category-gesellschaft","category-uncategorized","tag-fdp","tag-neoliberalismus","tag-rechtspopulisten","tag-schoeder-agenda","tag-sozialgesetze"],"gt_translate_keys":[{"key":"link","format":"url"}],"_links":{"self":[{"href":"https:\/\/andreastriebel.de\/index.php?rest_route=\/wp\/v2\/posts\/104","targetHints":{"allow":["GET"]}}],"collection":[{"href":"https:\/\/andreastriebel.de\/index.php?rest_route=\/wp\/v2\/posts"}],"about":[{"href":"https:\/\/andreastriebel.de\/index.php?rest_route=\/wp\/v2\/types\/post"}],"author":[{"embeddable":true,"href":"https:\/\/andreastriebel.de\/index.php?rest_route=\/wp\/v2\/users\/1"}],"replies":[{"embeddable":true,"href":"https:\/\/andreastriebel.de\/index.php?rest_route=%2Fwp%2Fv2%2Fcomments&post=104"}],"version-history":[{"count":1,"href":"https:\/\/andreastriebel.de\/index.php?rest_route=\/wp\/v2\/posts\/104\/revisions"}],"predecessor-version":[{"id":105,"href":"https:\/\/andreastriebel.de\/index.php?rest_route=\/wp\/v2\/posts\/104\/revisions\/105"}],"wp:attachment":[{"href":"https:\/\/andreastriebel.de\/index.php?rest_route=%2Fwp%2Fv2%2Fmedia&parent=104"}],"wp:term":[{"taxonomy":"category","embeddable":true,"href":"https:\/\/andreastriebel.de\/index.php?rest_route=%2Fwp%2Fv2%2Fcategories&post=104"},{"taxonomy":"post_tag","embeddable":true,"href":"https:\/\/andreastriebel.de\/index.php?rest_route=%2Fwp%2Fv2%2Ftags&post=104"}],"curies":[{"name":"wp","href":"https:\/\/api.w.org\/{rel}","templated":true}]}}