{"id":1044,"date":"2019-11-11T19:17:35","date_gmt":"2019-11-11T18:17:35","guid":{"rendered":"http:\/\/andreastriebel.de\/?p=1044"},"modified":"2019-11-19T12:09:07","modified_gmt":"2019-11-19T11:09:07","slug":"sie-kleben-an-ihren-sesseln","status":"publish","type":"post","link":"https:\/\/andreastriebel.de\/?p=1044","title":{"rendered":"Sie kleben an ihren Sesseln","gt_translate_keys":[{"key":"rendered","format":"text"}]},"content":{"rendered":"\n<figure class=\"wp-block-embed-wordpress wp-block-embed is-type-wp-embed is-provider-dr-andreas-triebel\"><div class=\"wp-block-embed__wrapper\">\n<blockquote class=\"wp-embedded-content\" data-secret=\"OINj1XTNno\"><a href=\"https:\/\/andreastriebel.de\/?p=1061\">They are stuck to their chairs<\/a><\/blockquote><iframe loading=\"lazy\" class=\"wp-embedded-content\" sandbox=\"allow-scripts\" security=\"restricted\" style=\"position: absolute; clip: rect(1px, 1px, 1px, 1px);\" title=\"&#8222;They are stuck to their chairs&#8220; &#8212; Dr. Andreas Triebel\" src=\"https:\/\/andreastriebel.de\/?p=1061&#038;embed=true#?secret=Tf3zS36BpR#?secret=OINj1XTNno\" data-secret=\"OINj1XTNno\" width=\"317\" height=\"200\" frameborder=\"0\" marginwidth=\"0\" marginheight=\"0\" scrolling=\"no\"><\/iframe>\n<\/div><\/figure>\n\n\n\n<p>Mit aller Kraft h\u00e4lt sich diese Koalition noch an der Macht. Angesichts der Schw\u00e4che der SPD glaubt die CDU, dass sie so weiter machen kann: \u00dcber Nacht wird ein Fonds von zehn Milliarden Euro aufgebracht, um sogenannte Mittelst\u00e4ndler und die Industrie ruhig zu stellen, weil die Grundrente beschlossen wurde. Es soll niemand glauben, dass er f\u00fcr die Grundrente zahlen muss. Im wesentlichen speist sich aber die Grundrente aus Beitr\u00e4gen der Lohnempf\u00e4nger und abh\u00e4ngig Besch\u00e4ftigten. Es wird hier ein Finanzvolumen hin und her geschoben, zu dem CDU- W\u00e4hler und andere, die \u00fcber der Pflichtgrenze f\u00fcr eine Versicherung liegen, nicht beigetragen haben.<\/p>\n\n\n\n<p>Der zehn Milliarden Euro betragende Strukturfonds jedoch wird mit Steuermitteln bezuschusst. Niedrigl\u00f6hner haben durch ihre Beitr\u00e4ge daran mitgewirkt. Trotzdem bl\u00e4st sich die Parteiprominenz der SPD jetzt auf, weil sie eine grobe Verzerrung im Lohngef\u00fcge unter dem Eindruck der AfD- Wahlerfolge endlich nach jahrzehntelangem Gerede gemildert hat.<\/p>\n\n\n\n<p>Hartz IV war und ist all zu offensichtlich ein Disziplinierungsinstrument f\u00fcr gering Verdienende und ist und bleibt mit Schr\u00f6der und der SPD verbunden.  Diese Sozialgesetze haben aber gut verdienende b\u00fcrgerliche Schichten nicht davon \u00fcberzeugen k\u00f6nnen, dass sie von der SPD gut vertreten werden. Au\u00dfer im akademischen und Hochschulmilieu  bleibt die W\u00e4hlerbasis der CDU und den anderen Parteien treu und die SPD muss sich mit dem Rest begn\u00fcgen.<\/p>\n\n\n\n<p>Und die Medien beginnen allm\u00e4hlich umzuschwenken und das alte Spiel von Regierung und Opposition doch tauglicher f\u00fcr das Regierungssystem zu halten. Unter den derzeitigen Umst\u00e4nden kann kein Furor entstehen, der W\u00e4hler mitrei\u00dfen k\u00f6nnte. H\u00e4nderingend wird nach einer Person gesucht, welche die Politpropaganda wieder in Schwung bringen k\u00f6nnte. Und Borjans taugt wohl um den Rest der SPD noch zusammen zu halten, aber als inspirierender F\u00fchrer ist er sicher nicht geeignet . <\/p>\n\n\n\n<p>Wenn sich die Gegens\u00e4tze versch\u00e4rfen und Merz eine Chance bekommt, wird dringend eine Opposition gesucht und die AfD so zu bezeichnen, das traut man sich noch nicht. In den Landesparlamenten wird sie schon gebraucht und auf kommunaler Ebene kommt im Gewand der AfD die alte CDU zum Vorschein. So hat die CDU ihre eigene Opposition geboren, wozu braucht sie noch die SPD? Die SPD ist nicht mehr systemrelevant. <\/p>\n\n\n\n<p>Nun m\u00f6chte die SPD durch die Aufl\u00f6sung der Koalition nicht ins Nichts fallen und bleibt lieber an ihren Sesseln kleben.<\/p>\n","protected":false,"gt_translate_keys":[{"key":"rendered","format":"html"}]},"excerpt":{"rendered":"<p>Mit aller Kraft h\u00e4lt sich diese Koalition noch an der Macht. Angesichts der Schw\u00e4che der SPD glaubt die CDU, dass sie so weiter machen kann: \u00dcber Nacht wird ein Fonds&hellip;<\/p>\n","protected":false,"gt_translate_keys":[{"key":"rendered","format":"html"}]},"author":1,"featured_media":0,"comment_status":"open","ping_status":"open","sticky":false,"template":"","format":"standard","meta":{"footnotes":""},"categories":[45,11],"tags":[16,176,270,162,15],"class_list":["post-1044","post","type-post","status-publish","format-standard","hentry","category-gesellschaft","category-politik","tag-afd","tag-cdu","tag-grundrente","tag-hartz-iv","tag-spd"],"gt_translate_keys":[{"key":"link","format":"url"}],"_links":{"self":[{"href":"https:\/\/andreastriebel.de\/index.php?rest_route=\/wp\/v2\/posts\/1044","targetHints":{"allow":["GET"]}}],"collection":[{"href":"https:\/\/andreastriebel.de\/index.php?rest_route=\/wp\/v2\/posts"}],"about":[{"href":"https:\/\/andreastriebel.de\/index.php?rest_route=\/wp\/v2\/types\/post"}],"author":[{"embeddable":true,"href":"https:\/\/andreastriebel.de\/index.php?rest_route=\/wp\/v2\/users\/1"}],"replies":[{"embeddable":true,"href":"https:\/\/andreastriebel.de\/index.php?rest_route=%2Fwp%2Fv2%2Fcomments&post=1044"}],"version-history":[{"count":11,"href":"https:\/\/andreastriebel.de\/index.php?rest_route=\/wp\/v2\/posts\/1044\/revisions"}],"predecessor-version":[{"id":1065,"href":"https:\/\/andreastriebel.de\/index.php?rest_route=\/wp\/v2\/posts\/1044\/revisions\/1065"}],"wp:attachment":[{"href":"https:\/\/andreastriebel.de\/index.php?rest_route=%2Fwp%2Fv2%2Fmedia&parent=1044"}],"wp:term":[{"taxonomy":"category","embeddable":true,"href":"https:\/\/andreastriebel.de\/index.php?rest_route=%2Fwp%2Fv2%2Fcategories&post=1044"},{"taxonomy":"post_tag","embeddable":true,"href":"https:\/\/andreastriebel.de\/index.php?rest_route=%2Fwp%2Fv2%2Ftags&post=1044"}],"curies":[{"name":"wp","href":"https:\/\/api.w.org\/{rel}","templated":true}]}}