{"id":1144,"date":"2020-01-29T08:34:19","date_gmt":"2020-01-29T07:34:19","guid":{"rendered":"http:\/\/andreastriebel.de\/?p=1144"},"modified":"2020-02-03T17:54:01","modified_gmt":"2020-02-03T16:54:01","slug":"die-politische-klasse-zelebriert-ihr-gedenken-an-den-holocaust","status":"publish","type":"post","link":"https:\/\/andreastriebel.de\/?p=1144","title":{"rendered":"Die politische Klasse zelebriert ihr Gedenken an den Holocaust","gt_translate_keys":[{"key":"rendered","format":"text"}]},"content":{"rendered":"\n<p class=\"has-small-font-size\">The speeches made by German politicians to commemorate the liberation of Auschwitz seventy-five years ago are a single tirade to justify our system of rule. This order finds its expression in the absolute protection of property. Even collective property in the form of joint-stock companies always serves the rule of a few. Here is the source of envy, here is the source of racism&#8230;.<\/p>\n\n\n\n<p>Die Reden der deutschen Politiker zum Gedenken an die Befreiung von Auschwitz vor f\u00fcnfundsiebzig Jahren sind eine einzige Tirade zur Rechtfertigung unserer Herrschaftsordnung. Diese Ordnung findet ihren Ausdruck im absoluten Schutz des Eigentums. Auch Kollektiveigentum in Form von Aktiengesellschaften dient immer der Herrschaft einiger. Hier ist die Quelle von Neid, hier entspringt Rassismus. <\/p>\n\n\n\n<p>Das will der deutsche Pr\u00e4sident verdunkeln und fabuliert von dem B\u00f6sen. &#8222;Das B\u00f6se&#8220; gibt es aber nicht, es ist ein Mythos. Die gedankliche Konstruktion dieses Mythos eignet sich  aber hervorragend zur Rechtfertigung unserer so demokratischen Gesellschaftsordnung. Und die Medien nehmen den ihnen zugeworfenen Ball freudig an und spielen eilfertig mit.<\/p>\n\n\n\n<p>So wollte Hannah Arendt aber nicht verstanden werden.<\/p>\n","protected":false,"gt_translate_keys":[{"key":"rendered","format":"html"}]},"excerpt":{"rendered":"<p>The speeches made by German politicians to commemorate the liberation of Auschwitz seventy-five years ago are a single tirade to justify our system of rule. This order finds its expression&hellip;<\/p>\n","protected":false,"gt_translate_keys":[{"key":"rendered","format":"html"}]},"author":1,"featured_media":0,"comment_status":"open","ping_status":"open","sticky":false,"template":"","format":"standard","meta":{"footnotes":""},"categories":[45,11],"tags":[364,363,365],"class_list":["post-1144","post","type-post","status-publish","format-standard","hentry","category-gesellschaft","category-politik","tag-auschwitz","tag-hanna-arendt","tag-holocaust"],"gt_translate_keys":[{"key":"link","format":"url"}],"_links":{"self":[{"href":"https:\/\/andreastriebel.de\/index.php?rest_route=\/wp\/v2\/posts\/1144","targetHints":{"allow":["GET"]}}],"collection":[{"href":"https:\/\/andreastriebel.de\/index.php?rest_route=\/wp\/v2\/posts"}],"about":[{"href":"https:\/\/andreastriebel.de\/index.php?rest_route=\/wp\/v2\/types\/post"}],"author":[{"embeddable":true,"href":"https:\/\/andreastriebel.de\/index.php?rest_route=\/wp\/v2\/users\/1"}],"replies":[{"embeddable":true,"href":"https:\/\/andreastriebel.de\/index.php?rest_route=%2Fwp%2Fv2%2Fcomments&post=1144"}],"version-history":[{"count":5,"href":"https:\/\/andreastriebel.de\/index.php?rest_route=\/wp\/v2\/posts\/1144\/revisions"}],"predecessor-version":[{"id":1152,"href":"https:\/\/andreastriebel.de\/index.php?rest_route=\/wp\/v2\/posts\/1144\/revisions\/1152"}],"wp:attachment":[{"href":"https:\/\/andreastriebel.de\/index.php?rest_route=%2Fwp%2Fv2%2Fmedia&parent=1144"}],"wp:term":[{"taxonomy":"category","embeddable":true,"href":"https:\/\/andreastriebel.de\/index.php?rest_route=%2Fwp%2Fv2%2Fcategories&post=1144"},{"taxonomy":"post_tag","embeddable":true,"href":"https:\/\/andreastriebel.de\/index.php?rest_route=%2Fwp%2Fv2%2Ftags&post=1144"}],"curies":[{"name":"wp","href":"https:\/\/api.w.org\/{rel}","templated":true}]}}