{"id":1156,"date":"2020-02-09T18:25:57","date_gmt":"2020-02-09T17:25:57","guid":{"rendered":"http:\/\/andreastriebel.de\/?p=1156"},"modified":"2020-02-21T14:34:00","modified_gmt":"2020-02-21T13:34:00","slug":"1156","status":"publish","type":"post","link":"https:\/\/andreastriebel.de\/?p=1156","title":{"rendered":"Erfurter Fliegenschiss","gt_translate_keys":[{"key":"rendered","format":"text"}]},"content":{"rendered":"\n<p><em>At last the Prime Minister has resigned by grace of the AfD. For a long time he believed that he would be allowed to exercise the office and when the damage to his image became greater and greater and the spontaneous demonstrations did not end, he finally resigned reluctantly. This cannot be explained by stupidity alone. Large parts of the CDU in Thuringia remained in clandestine joy the more the outrage outside of Thuringia increased&#8230;<\/em><\/p>\n\n\n\n<p>Endlich ist der Ministerpr\u00e4sident von Gnaden der AfD zur\u00fcck getreten. Lange glaubte er, das Amt aus\u00fcben zu d\u00fcrfen und als der Image- Schaden immer gr\u00f6\u00dfer wurde und die spontanen Demonstrationen kein Ende nahmen, trat er endlich widerwillig zur\u00fcck. Mit Dummheit allein ist das nicht zu erkl\u00e4ren. Gro\u00dfe Teile der CDU in Th\u00fcringen verharrten in klammheimlicher Freude je mehr die Emp\u00f6rung au\u00dferhalb Th\u00fcringens zunahm. Sie eint mit den AfD- Funktion\u00e4ren das Gef\u00fchl der Zur\u00fccksetzung gegen\u00fcber den westlichen L\u00e4ndern. Es ist die Entt\u00e4uschung doch nicht aufholen zu k\u00f6nnen. Auch nachdem vor drei\u00dfig Jahren das westliche System \u00fcbergest\u00fclpt wurde, bleiben die sozialen Unterschiede wie eh. Oben und Unten sind fest gef\u00fcgt. Einige CDU- Gr\u00f6\u00dfen haben es ins Unternehmertum geschafft. Der FDP- Mann konnte seine Kette von Friseurl\u00e4den mit Minil\u00f6hnen aufbauen. Auch f\u00fcnf Euro pro Stunde und weniger waren durchaus gang und g\u00e4be. Und eine Landesregierung, welche die Einhaltung der Pflicht zu Mindestl\u00f6hnen durchsetzt, war garnicht im Sinne von CDU und FDP. <\/p>\n\n\n\n<p>Der Affekt des Zur\u00fcckgesetztseins bei den Kleinunternehmern und Teilen des Kleinb\u00fcrgertums wurde durch die vor\u00fcbergehende Kaperung des Amtes des Ministerpr\u00e4sidenten durchaus befriedigt. Die gro\u00dfb\u00fcrgerliche Linie in der CDU, die diesen Affekt nicht kennt, setzte sich schlie\u00dflich durch ohne die G\u00e4rung vor Ort vollst\u00e4ndig unterdr\u00fccken zu k\u00f6nnen.<\/p>\n\n\n\n<p><\/p>\n\n\n\n<p><\/p>\n\n\n\n<p><\/p>\n","protected":false,"gt_translate_keys":[{"key":"rendered","format":"html"}]},"excerpt":{"rendered":"<p>At last the Prime Minister has resigned by grace of the AfD. For a long time he believed that he would be allowed to exercise the office and when the&hellip;<\/p>\n","protected":false,"gt_translate_keys":[{"key":"rendered","format":"html"}]},"author":1,"featured_media":0,"comment_status":"open","ping_status":"open","sticky":false,"template":"","format":"standard","meta":{"footnotes":""},"categories":[11],"tags":[16,176,368,60,366],"class_list":["post-1156","post","type-post","status-publish","format-standard","hentry","category-politik","tag-afd","tag-cdu","tag-erfurt","tag-fdp","tag-thueringen"],"gt_translate_keys":[{"key":"link","format":"url"}],"_links":{"self":[{"href":"https:\/\/andreastriebel.de\/index.php?rest_route=\/wp\/v2\/posts\/1156","targetHints":{"allow":["GET"]}}],"collection":[{"href":"https:\/\/andreastriebel.de\/index.php?rest_route=\/wp\/v2\/posts"}],"about":[{"href":"https:\/\/andreastriebel.de\/index.php?rest_route=\/wp\/v2\/types\/post"}],"author":[{"embeddable":true,"href":"https:\/\/andreastriebel.de\/index.php?rest_route=\/wp\/v2\/users\/1"}],"replies":[{"embeddable":true,"href":"https:\/\/andreastriebel.de\/index.php?rest_route=%2Fwp%2Fv2%2Fcomments&post=1156"}],"version-history":[{"count":7,"href":"https:\/\/andreastriebel.de\/index.php?rest_route=\/wp\/v2\/posts\/1156\/revisions"}],"predecessor-version":[{"id":1168,"href":"https:\/\/andreastriebel.de\/index.php?rest_route=\/wp\/v2\/posts\/1156\/revisions\/1168"}],"wp:attachment":[{"href":"https:\/\/andreastriebel.de\/index.php?rest_route=%2Fwp%2Fv2%2Fmedia&parent=1156"}],"wp:term":[{"taxonomy":"category","embeddable":true,"href":"https:\/\/andreastriebel.de\/index.php?rest_route=%2Fwp%2Fv2%2Fcategories&post=1156"},{"taxonomy":"post_tag","embeddable":true,"href":"https:\/\/andreastriebel.de\/index.php?rest_route=%2Fwp%2Fv2%2Ftags&post=1156"}],"curies":[{"name":"wp","href":"https:\/\/api.w.org\/{rel}","templated":true}]}}