{"id":1165,"date":"2020-02-21T14:30:30","date_gmt":"2020-02-21T13:30:30","guid":{"rendered":"http:\/\/andreastriebel.de\/?p=1165"},"modified":"2020-02-21T17:35:44","modified_gmt":"2020-02-21T16:35:44","slug":"hanau-und-der-hass","status":"publish","type":"post","link":"https:\/\/andreastriebel.de\/?p=1165","title":{"rendered":"Hanau und der Hass","gt_translate_keys":[{"key":"rendered","format":"text"}]},"content":{"rendered":"\n<p>N<em>ow, after the murders in Hanau, they all talk about hate, racism and right-wing extremism. Political class and media pretend that hate, racism is a human characteristic, as if man was born with it<\/em>&#8230;.<\/p>\n\n\n\n<p>Jetzt reden sie alle nach den Morden von Hanau vom Hass, vom Rassismus und vom Rechtsextremismus. Politische Klasse und Medien tun so, als w\u00e4re der Hass, der Rassismus eine menschliche Eigenschaft, als ob der Mensch damit geboren w\u00fcrde.<\/p>\n\n\n\n<p>Sie haben wohl eine Vorstellung davon, dass die Ursache in unserer Gesellschaftsordung liegen k\u00f6nnte, aber das wird tunlichst verschwiegen. Lieber spricht man vom &#8222;B\u00f6sen&#8220;, das in uns schlummern w\u00fcrde. Hauptsache, man kann etwas Ungreifbares verantwortlich machen, aber blo\u00df nicht unsere Gesellschaftsordnung infrage stellen. Wir haben doch eine so tolle Demokratie. <\/p>\n\n\n\n<p>Dass der Hamburger B\u00fcrgermeister dem Bankhaus Warburg mal eben f\u00fcnfzig Millionen Euro r\u00fcber schiebt, daf\u00fcr ist niemand verantwortlich. Bei den Gespr\u00e4chen im Amtszimmer des B\u00fcrgermeisters mit dem Bankhaus wurde nur \u00fcber das Wetter gesprochen.<\/p>\n\n\n\n<p>Und dass die westliche Supermacht einen Hanswurst zum Herrn im Wei\u00dfen Haus macht, ist keine Verh\u00f6hnung der Demokratie, sondern wahre Demokratie.<\/p>\n\n\n\n<p>Freiheit, Gleichheit und Br\u00fcderlichkeit sind v\u00f6llig aus dem \u00f6ffentlichen Diskurs verschwunden. Wo es doch um die Rendite, um den letzten Cent, der aus der Arbeitskraft heraus gepresst werden soll, geht ( wenn mehr als f\u00fcnf Euro pro Stunde gezahlt werden m\u00fcsste, w\u00fcrde unsere Wirtschaft zusammen brechen, erz\u00e4hlt Minister Altmaier) wie kann man dann \u00fcber so hehre Ziele sprechen?<\/p>\n\n\n\n<p><\/p>\n","protected":false,"gt_translate_keys":[{"key":"rendered","format":"html"}]},"excerpt":{"rendered":"<p>Now, after the murders in Hanau, they all talk about hate, racism and right-wing extremism. Political class and media pretend that hate, racism is a human characteristic, as if man&hellip;<\/p>\n","protected":false,"gt_translate_keys":[{"key":"rendered","format":"html"}]},"author":1,"featured_media":0,"comment_status":"open","ping_status":"open","sticky":false,"template":"","format":"standard","meta":{"footnotes":""},"categories":[45],"tags":[369,63,367],"class_list":["post-1165","post","type-post","status-publish","format-standard","hentry","category-gesellschaft","tag-hanau","tag-rassismus","tag-rechtsextremismus"],"gt_translate_keys":[{"key":"link","format":"url"}],"_links":{"self":[{"href":"https:\/\/andreastriebel.de\/index.php?rest_route=\/wp\/v2\/posts\/1165","targetHints":{"allow":["GET"]}}],"collection":[{"href":"https:\/\/andreastriebel.de\/index.php?rest_route=\/wp\/v2\/posts"}],"about":[{"href":"https:\/\/andreastriebel.de\/index.php?rest_route=\/wp\/v2\/types\/post"}],"author":[{"embeddable":true,"href":"https:\/\/andreastriebel.de\/index.php?rest_route=\/wp\/v2\/users\/1"}],"replies":[{"embeddable":true,"href":"https:\/\/andreastriebel.de\/index.php?rest_route=%2Fwp%2Fv2%2Fcomments&post=1165"}],"version-history":[{"count":3,"href":"https:\/\/andreastriebel.de\/index.php?rest_route=\/wp\/v2\/posts\/1165\/revisions"}],"predecessor-version":[{"id":1169,"href":"https:\/\/andreastriebel.de\/index.php?rest_route=\/wp\/v2\/posts\/1165\/revisions\/1169"}],"wp:attachment":[{"href":"https:\/\/andreastriebel.de\/index.php?rest_route=%2Fwp%2Fv2%2Fmedia&parent=1165"}],"wp:term":[{"taxonomy":"category","embeddable":true,"href":"https:\/\/andreastriebel.de\/index.php?rest_route=%2Fwp%2Fv2%2Fcategories&post=1165"},{"taxonomy":"post_tag","embeddable":true,"href":"https:\/\/andreastriebel.de\/index.php?rest_route=%2Fwp%2Fv2%2Ftags&post=1165"}],"curies":[{"name":"wp","href":"https:\/\/api.w.org\/{rel}","templated":true}]}}