{"id":1176,"date":"2020-02-27T15:17:21","date_gmt":"2020-02-27T14:17:21","guid":{"rendered":"http:\/\/andreastriebel.de\/?p=1176"},"modified":"2020-02-27T15:17:21","modified_gmt":"2020-02-27T14:17:21","slug":"walter-borjans-und-eskens-versagen","status":"publish","type":"post","link":"https:\/\/andreastriebel.de\/?p=1176","title":{"rendered":"Walter- Borjans und Eskens Versagen","gt_translate_keys":[{"key":"rendered","format":"text"}]},"content":{"rendered":"\n<p>A<em>fter their election as leaders of the SPD, these two would have had to push through a basic pension worthy of the name. But in this case the expressions bungle and charity are appropriate&#8230;.<\/em><\/p>\n\n\n\n<p>Nach ihrer Wahl zu Vorsitzenden der  SPD h\u00e4tten diese beiden eine Grundrente, die diesen Namen verdient,  durchsetzen m\u00fcssen. So aber sind die Ausdr\u00fccke Murks und Almosen angemessen. <\/p>\n\n\n\n<p>Sie h\u00e4tten einen schon lange \u00fcberf\u00e4lligen Mindestlohn von zw\u00f6lf Euro durchsetzen m\u00fcssen. Eine Mindestforderung!<\/p>\n\n\n\n<p>Sie h\u00e4tten als Ma\u00dfnahme gegen die absehbare Wirtschaftskrise ein Investitionsprogramm von mehreren hundert Milliarden Euro durchsetzen m\u00fcssen und einen Abschied von dem neoliberalen Kurs. <\/p>\n\n\n\n<p>Mit der Durchsetzung dieser Forderungen h\u00e4tten sie in der Merkel- Regierung bestehen k\u00f6nnen. So aber sind sie das f\u00fcnfte Rad am Wagen mit der Aussicht auf baldige Abl\u00f6sung. <\/p>\n\n\n\n<p>F\u00fcr Fridays for Future gab es nichts als warme Worte, kein Ausbau der Windkraft und der Solarindustrie, keine Schlie\u00dfung von Kohlekraftwerkwerken.<\/p>\n\n\n\n<p>W\u00e4ren die beiden von allein gegangen, als ihre Forderungen nicht beachtet wurden, h\u00e4tten sie noch punkten und die SPD vor dem endg\u00fcltigen Absturz retten k\u00f6nnen, jetzt aber ist das Fenster geschlossen und man w\u00fcnscht sich, dass dieses Kapitel schnell beendet wird. Wie l\u00e4stig sie der CDU geworden sind, hat Kramp- Karrenbauer schon \u00f6ffentlich ausgedr\u00fcckt. (&#8222;Sollen sie doch die GroKo verlassen!&#8220;) Und Lindner und Habeck warten ungeduldig, um an die Stelle der SPD zu treten. Wenn die SPD aber nur die Gesichter austauscht und Scholz und Giffey durch die Medien pr\u00e4sentieren l\u00e4sst, w\u00e4re das wieder nur reine Kosmetik.<\/p>\n","protected":false,"gt_translate_keys":[{"key":"rendered","format":"html"}]},"excerpt":{"rendered":"<p>After their election as leaders of the SPD, these two would have had to push through a basic pension worthy of the name. But in this case the expressions bungle&hellip;<\/p>\n","protected":false,"gt_translate_keys":[{"key":"rendered","format":"html"}]},"author":1,"featured_media":0,"comment_status":"open","ping_status":"open","sticky":false,"template":"","format":"standard","meta":{"footnotes":""},"categories":[45,11],"tags":[352,371,270,372,171,51,347,15],"class_list":["post-1176","post","type-post","status-publish","format-standard","hentry","category-gesellschaft","category-politik","tag-esken","tag-fridays-for-future","tag-grundrente","tag-kramp-karrenbauer","tag-mindestloehne","tag-neoliberalismus","tag-norbert-walter-borjans","tag-spd"],"gt_translate_keys":[{"key":"link","format":"url"}],"_links":{"self":[{"href":"https:\/\/andreastriebel.de\/index.php?rest_route=\/wp\/v2\/posts\/1176","targetHints":{"allow":["GET"]}}],"collection":[{"href":"https:\/\/andreastriebel.de\/index.php?rest_route=\/wp\/v2\/posts"}],"about":[{"href":"https:\/\/andreastriebel.de\/index.php?rest_route=\/wp\/v2\/types\/post"}],"author":[{"embeddable":true,"href":"https:\/\/andreastriebel.de\/index.php?rest_route=\/wp\/v2\/users\/1"}],"replies":[{"embeddable":true,"href":"https:\/\/andreastriebel.de\/index.php?rest_route=%2Fwp%2Fv2%2Fcomments&post=1176"}],"version-history":[{"count":4,"href":"https:\/\/andreastriebel.de\/index.php?rest_route=\/wp\/v2\/posts\/1176\/revisions"}],"predecessor-version":[{"id":1180,"href":"https:\/\/andreastriebel.de\/index.php?rest_route=\/wp\/v2\/posts\/1176\/revisions\/1180"}],"wp:attachment":[{"href":"https:\/\/andreastriebel.de\/index.php?rest_route=%2Fwp%2Fv2%2Fmedia&parent=1176"}],"wp:term":[{"taxonomy":"category","embeddable":true,"href":"https:\/\/andreastriebel.de\/index.php?rest_route=%2Fwp%2Fv2%2Fcategories&post=1176"},{"taxonomy":"post_tag","embeddable":true,"href":"https:\/\/andreastriebel.de\/index.php?rest_route=%2Fwp%2Fv2%2Ftags&post=1176"}],"curies":[{"name":"wp","href":"https:\/\/api.w.org\/{rel}","templated":true}]}}