{"id":1183,"date":"2020-03-13T19:13:54","date_gmt":"2020-03-13T18:13:54","guid":{"rendered":"http:\/\/andreastriebel.de\/?p=1183"},"modified":"2020-03-19T17:04:20","modified_gmt":"2020-03-19T16:04:20","slug":"jetzt-wird-corona-die-schuld-gegeben","status":"publish","type":"post","link":"https:\/\/andreastriebel.de\/?p=1183","title":{"rendered":"Jetzt wird Corona die Schuld gegeben","gt_translate_keys":[{"key":"rendered","format":"text"}]},"content":{"rendered":"\n<figure class=\"wp-block-embed-wordpress wp-block-embed is-type-wp-embed is-provider-dr-andreas-triebel\"><div class=\"wp-block-embed__wrapper\">\n<blockquote class=\"wp-embedded-content\" data-secret=\"bYyGcbps0c\"><a href=\"https:\/\/andreastriebel.de\/?p=1205\">Now Corona is blamed<\/a><\/blockquote><iframe loading=\"lazy\" class=\"wp-embedded-content\" sandbox=\"allow-scripts\" security=\"restricted\" style=\"position: absolute; clip: rect(1px, 1px, 1px, 1px);\" title=\"&#8222;Now Corona is blamed&#8220; &#8212; Dr. Andreas Triebel\" src=\"https:\/\/andreastriebel.de\/?p=1205&#038;embed=true#?secret=eq47MRlLyy#?secret=bYyGcbps0c\" data-secret=\"bYyGcbps0c\" width=\"317\" height=\"200\" frameborder=\"0\" marginwidth=\"0\" marginheight=\"0\" scrolling=\"no\"><\/iframe>\n<\/div><\/figure>\n\n\n\n<p>Die Rezession hat aber Deutschland schon l\u00e4ngst erfasst: Die Produktion im produzierenden Gewerbe f\u00e4llt seit 1,5 Jahren steil ab, allein im Dezember fiel die Industrieproduktion um 2,5%. Sogar die Bauproduktion stagniert seit 2015.<\/p>\n\n\n\n<p>In S\u00fcdeuropa stagniert die gesamte volkswirtschaftliche Produktion schon l\u00e4nger. Italien, Spanien und Portugal sind besonders betroffen. Die Einzelhandelsums\u00e4tze sind entsprechend gefallen. Die Arbeitslosigkeit ist dort anhaltend hoch, die Jugendarbeitslosigkeit mit teilweise 45% sogar katastrophal hoch. Siehe auch: <a rel=\"noreferrer noopener\" aria-label=\" (\u00f6ffnet in neuem Tab)\" href=\"https:\/\/norberthaering.de\/unkategorisiert\/depression-massnahmen\/\" target=\"_blank\"><em>norberthaering.de<\/em>, <em>&#8222;Was jetzt zu tun ist&#8220;<\/em><\/a><em>.<\/em><\/p>\n\n\n\n<p>Die EZB bem\u00fcht sich verzweifelt die Deflation in den Griff zu bekommen. Diesem Bem\u00fchen steht aber der Herrschaftsanspruch der deutschen politischen Klasse entgegen. Mit niedrigen L\u00f6hnen und horrenden Au\u00dfenhandels\u00fcbersch\u00fcssen dehnt sie ihre Herrschaft \u00fcber S\u00fcdeuropa aus und degradiert S\u00fcdeuropa zum Arbeitskr\u00e4ftereservoir. Als Grundlage dieser wirtschaftlichen und politischen Beziehung dienen die Regeln und Gesetze der EU. Das Ganze wird dann als &#8222;freier Markt&#8220; bezeichnet und die \u00d6konomen des Mainstream warnen vor Eingriffen des Staates und tun so, als ob das ein nat\u00fcrlicher Zustand w\u00e4re, verschweigen aber, dass diese Beziehung  nur den Ausdruck des politischen Kr\u00e4fteverh\u00e4ltnisses darstellt.<\/p>\n\n\n\n<p>Dass populistische und nationalistische Regime wie Polen und Ungarn Widerstand leisten ist  verst\u00e4ndlich, sogar die konservative Partei in Gro\u00dfbritannien hat ihrer Bev\u00f6lkerung versprochen, sie aus dem neoliberalen Klammergriff zu befreien und massive, staatliche Investitionen angek\u00fcndigt, um das produktive Potential des Landes ohne Lohndumping zur Entfaltung zu bringen.<\/p>\n\n\n\n<p>Jetzt, wo das Corona- Virus den letzten Anlass gibt, dass die Weltwirtschaftskrise auch in Deutschland offenbar wird und verleugnen und gesundbeten l\u00e4cherlich wirken, verspricht die Regierung, die beim Bund angeh\u00e4uften Milliarden an die Betriebe auszusch\u00fctten. Das wird aber nicht ohne noch brutalere Ausnutzung der Lohnkonkurrenz geschehen und keine Abkehr vom neoliberalen Wirtschaftsmodell bedeuten sondern lediglich wei\u00dfe Salbe sein (Heiner Flassbeck bezeichnet im YouTube- Interview mit PUNKT.Preradovic die vorgesehenen Ma\u00dfnahmen als Pipifax).<\/p>\n\n\n\n<p>Denn der Neoliberalismus ist die Herrschaftstechnik unserer Zeit und Austerit\u00e4t ein unentbehrliches Werkzeug.<\/p>\n\n\n\n<p><\/p>\n","protected":false,"gt_translate_keys":[{"key":"rendered","format":"html"}]},"excerpt":{"rendered":"<p>Die Rezession hat aber Deutschland schon l\u00e4ngst erfasst: Die Produktion im produzierenden Gewerbe f\u00e4llt seit 1,5 Jahren steil ab, allein im Dezember fiel die Industrieproduktion um 2,5%. Sogar die Bauproduktion&hellip;<\/p>\n","protected":false,"gt_translate_keys":[{"key":"rendered","format":"html"}]},"author":1,"featured_media":0,"comment_status":"open","ping_status":"open","sticky":false,"template":"","format":"standard","meta":{"footnotes":""},"categories":[45,13],"tags":[272,374,77,123,373,51,298],"class_list":["post-1183","post","type-post","status-publish","format-standard","hentry","category-gesellschaft","category-wirtschaft","tag-arbeitlosigkeit","tag-corona","tag-deflation","tag-eu","tag-ezb","tag-neoliberalismus","tag-rezession"],"gt_translate_keys":[{"key":"link","format":"url"}],"_links":{"self":[{"href":"https:\/\/andreastriebel.de\/index.php?rest_route=\/wp\/v2\/posts\/1183","targetHints":{"allow":["GET"]}}],"collection":[{"href":"https:\/\/andreastriebel.de\/index.php?rest_route=\/wp\/v2\/posts"}],"about":[{"href":"https:\/\/andreastriebel.de\/index.php?rest_route=\/wp\/v2\/types\/post"}],"author":[{"embeddable":true,"href":"https:\/\/andreastriebel.de\/index.php?rest_route=\/wp\/v2\/users\/1"}],"replies":[{"embeddable":true,"href":"https:\/\/andreastriebel.de\/index.php?rest_route=%2Fwp%2Fv2%2Fcomments&post=1183"}],"version-history":[{"count":21,"href":"https:\/\/andreastriebel.de\/index.php?rest_route=\/wp\/v2\/posts\/1183\/revisions"}],"predecessor-version":[{"id":1217,"href":"https:\/\/andreastriebel.de\/index.php?rest_route=\/wp\/v2\/posts\/1183\/revisions\/1217"}],"wp:attachment":[{"href":"https:\/\/andreastriebel.de\/index.php?rest_route=%2Fwp%2Fv2%2Fmedia&parent=1183"}],"wp:term":[{"taxonomy":"category","embeddable":true,"href":"https:\/\/andreastriebel.de\/index.php?rest_route=%2Fwp%2Fv2%2Fcategories&post=1183"},{"taxonomy":"post_tag","embeddable":true,"href":"https:\/\/andreastriebel.de\/index.php?rest_route=%2Fwp%2Fv2%2Ftags&post=1183"}],"curies":[{"name":"wp","href":"https:\/\/api.w.org\/{rel}","templated":true}]}}