{"id":1271,"date":"2020-03-30T12:06:51","date_gmt":"2020-03-30T10:06:51","guid":{"rendered":"http:\/\/andreastriebel.de\/?p=1271"},"modified":"2020-03-30T12:06:51","modified_gmt":"2020-03-30T10:06:51","slug":"dieser-montagvormittag-ist-einmalig-in-der-deutschen-geschichte","status":"publish","type":"post","link":"https:\/\/andreastriebel.de\/?p=1271","title":{"rendered":"Dieser Montagvormittag ist einmalig in der deutschen Geschichte","gt_translate_keys":[{"key":"rendered","format":"text"}]},"content":{"rendered":"\n<p>O<em>nly occasionally do older people walk the streets, staring rigidly ahead. Is it fear of the virus or fear of the neighbour? Or fear of police control? Now and then a police car appears. The situation is bizarre, spooky. With the driving ban on Sunday during the oil crisis, it was possible to cope. And not even during the war years, older people report, was there this eerie silence. Mussolini&#8217;s fascists did not have the population under control as the present bourgeois government. And in 1929 there were demonstrations and protests. Now people are intimidated.<\/em>&#8230;<\/p>\n\n\n\n<p>Nur vereinzelt gehen \u00e4ltere Menschen \u00fcber die Stra\u00dfen, starr vor sich hin blickend. Ist es Angst vor dem Virus oder Angst vor dem Nachbarn? Oder Angst vor polizeilicher Kontrolle? Ab und zu taucht ein Polizeiauto auf. Die Lage ist bizarr, gespenstisch. Beim Fahrverbot am Sonntag in der \u00d6lkrise konnte man damit fertig werden. Und nicht einmal in den Kriegsjahren, so berichten \u00c4ltere, gab es diese unheimliche Stille. Mussolinis Faschisten hatten die Bev\u00f6lkerung nicht so im Griff wie die jetzige b\u00fcrgerliche Regierung. Und 1929 gab es immerhin Demonstrationen und Proteste. Jetzt werden die Menschen eingesch\u00fcchtert. Willf\u00e4hrige \u00c4rzte, die uns schon bei der Schweinegrippe an der Nase herum gef\u00fchrt haben, dienen sich der Regierung an. Herr Drosten verr\u00e4t das \u00e4rztliche Ethos und beteiligt sich als Protagonist an der Irref\u00fchrung.<\/p>\n\n\n\n<p>Die Massenmedien sind begeistert \u00fcber die wichtige Rolle, die sie jetzt \u00fcbernehmen. Immer offener bedrohen sie das Volk mit der Darstellung von S\u00e4rgen. In den politischen Talk- shows wird streng darauf geachtet, dass nur die \u00fcblichen Laberer zu Wort kommen. Sogar Sahra Wagenknecht, die sonst unabh\u00e4ngige Meinungen vertritt, hat sich lieber dem Mainstream angeschlossen; weil sie sonst nicht mehr zu Talk- shows eingeladen wird?<\/p>\n\n\n\n<p>In der Verdunkelung der Zusammenh\u00e4nge bew\u00e4hrt sich besonders Minister Altmaier. Mit ihm konkurriert Finanzminister Scholz. Sie wollten, dass die Auswirkungen der (Welt-)Wirtschaftskrise m\u00f6glichst erst nach den Wahlen ans Tageslicht kommen. Die Corona- Krise hat ihnen einen Strich durch die Rechnung gemacht aber gleichzeitig auch den ersehnten Strohhalm geliefert. Es prasselt aus allen Kan\u00e4len auf die Menschen nieder, dass die Corona- Krise an der kommenden Verarmung gro\u00dfer Volksmassen die Schuld tr\u00fcge. <\/p>\n\n\n\n<p>Die Urlaubstr\u00e4ume der Deutschen waren den Strategen in der Regierung schon lange ein Dorn im Auge. Gro\u00dfe Teile der Bev\u00f6lkerung entzogen sich regelm\u00e4\u00dfig der politischen Beeinflussung und waren au\u00dfer Reichweite der Medien. Scheinbar alternative Medien der amerikanischen Digitalkonzerne ersetzten die herk\u00f6mmlichen Medien nur unvollst\u00e4ndig. Staatlich verordneter Zwangsurlaub aber w\u00fcrde einer autorit\u00e4ren Fixierung Halt geben. Der Weg dahin ist schon gebahnt. Wenn die Kanzlerin an die Solidarit\u00e4t mit Alten und Kranken appellieren muss, sind wir zwar noch weit von faschistischen Verh\u00e4ltnissen entfernt; die Instrumente liegen aber auf dem Tisch.Das Seuchengesetz er\u00f6ffnet ungeahnte M\u00f6glichkeiten. Es ist kein Zufall, dass China und Singapur immer wieder als Vorbild genannt werden.<\/p>\n","protected":false,"gt_translate_keys":[{"key":"rendered","format":"html"}]},"excerpt":{"rendered":"<p>Only occasionally do older people walk the streets, staring rigidly ahead. Is it fear of the virus or fear of the neighbour? Or fear of police control? Now and then&hellip;<\/p>\n","protected":false,"gt_translate_keys":[{"key":"rendered","format":"html"}]},"author":1,"featured_media":0,"comment_status":"open","ping_status":"open","sticky":false,"template":"","format":"standard","meta":{"footnotes":""},"categories":[45,11],"tags":[301,374,182,387,29],"class_list":["post-1271","post","type-post","status-publish","format-standard","hentry","category-gesellschaft","category-politik","tag-altmaier","tag-corona","tag-scholz","tag-seuchengesetz","tag-wirtschaftskrise"],"gt_translate_keys":[{"key":"link","format":"url"}],"_links":{"self":[{"href":"https:\/\/andreastriebel.de\/index.php?rest_route=\/wp\/v2\/posts\/1271","targetHints":{"allow":["GET"]}}],"collection":[{"href":"https:\/\/andreastriebel.de\/index.php?rest_route=\/wp\/v2\/posts"}],"about":[{"href":"https:\/\/andreastriebel.de\/index.php?rest_route=\/wp\/v2\/types\/post"}],"author":[{"embeddable":true,"href":"https:\/\/andreastriebel.de\/index.php?rest_route=\/wp\/v2\/users\/1"}],"replies":[{"embeddable":true,"href":"https:\/\/andreastriebel.de\/index.php?rest_route=%2Fwp%2Fv2%2Fcomments&post=1271"}],"version-history":[{"count":5,"href":"https:\/\/andreastriebel.de\/index.php?rest_route=\/wp\/v2\/posts\/1271\/revisions"}],"predecessor-version":[{"id":1276,"href":"https:\/\/andreastriebel.de\/index.php?rest_route=\/wp\/v2\/posts\/1271\/revisions\/1276"}],"wp:attachment":[{"href":"https:\/\/andreastriebel.de\/index.php?rest_route=%2Fwp%2Fv2%2Fmedia&parent=1271"}],"wp:term":[{"taxonomy":"category","embeddable":true,"href":"https:\/\/andreastriebel.de\/index.php?rest_route=%2Fwp%2Fv2%2Fcategories&post=1271"},{"taxonomy":"post_tag","embeddable":true,"href":"https:\/\/andreastriebel.de\/index.php?rest_route=%2Fwp%2Fv2%2Ftags&post=1271"}],"curies":[{"name":"wp","href":"https:\/\/api.w.org\/{rel}","templated":true}]}}