{"id":1288,"date":"2020-04-03T19:54:09","date_gmt":"2020-04-03T17:54:09","guid":{"rendered":"http:\/\/andreastriebel.de\/?p=1288"},"modified":"2020-04-09T16:47:39","modified_gmt":"2020-04-09T14:47:39","slug":"noch-kein-ende-der-austeritaet","status":"publish","type":"post","link":"https:\/\/andreastriebel.de\/?p=1288","title":{"rendered":"Noch kein Ende der Austerit\u00e4t","gt_translate_keys":[{"key":"rendered","format":"text"}]},"content":{"rendered":"\n<p><em>Although almost 500,000 companies have already registered for short-time work, and therefore eight million short-time workers are to be expected, the government (Altmaier and Scholz are doing particularly well) insists on its whitewashing and is skimping on the billions. KfW loans, if they are granted by the banks at all, are of no use to most companies. And who is supposed to buy the goods when the production cycle starts up again but the majority can only afford the most necessary. The loss of earnings reduces the purchasing power so much that broad masses are thrown back to the subsistence level..<\/em>.<\/p>\n\n\n\n<p>Obwohl bereits fast f\u00fcnfhunderttausend Betriebe Kurzarbeit angemeldet haben, und deshalb mit acht Millionen Kurzarbeitern zu rechnen ist, beharrt die Regierung (Altmaier und Scholz tun sich besonders hervor) auf ihrer Sch\u00f6nf\u00e4rberei und knausert mit den Milliarden. KfW- Kredite, wenn sie von den Banken \u00fcberhaupt gew\u00e4hrt werden, n\u00fctzen den meisten Betrieben \u00fcberhaupt nichts. Und wer soll denn die G\u00fcter kaufen, wenn der Produktionskreislauf wieder anl\u00e4uft, aber die Mehrheit sich nur das Notwendigste leisten kann. Der Verdienstausfall reduziert die Kaufkraft so stark, dass breite Massen auf das Existenzminimum zur\u00fcck geworfen werden. Ein so starker Druck auf das Lohnniveau ist eigentlich das Wunschscenarium vieler Wirtschaftspolitiker und der Monopole. Also werden weiter die \u00f6ffentlichen Investitionen zur\u00fcck gefahren, dem Gesundheitswesen die Milliarden entzogen, die \u00f6ffentliche Verwaltung wird reduziert und die Energieversorgung privatisiert, der Klimaschutz kommt unter die R\u00e4der, Kretschmann wird schon die richtigen Worte daf\u00fcr finden, er kaufte sich auf dem H\u00f6hepunkt der Dieselkrise demonstrativ ein Dieselauto. Frau Esken dagegen machte jetzt den zaghaften Versuch einer Verm\u00f6gensabgabe, wurde aber auch von ihrer eigenen Partei sofort abgeb\u00fcgelt. Aber die AfD wird sie in einer Notstandsregierung sowieso nicht tolerieren.<\/p>\n\n\n\n<p>Obwohl die Austerit\u00e4tspolitik so katastrophal gescheitert ist, l\u00e4uft sie jetzt erst  mit der Verarmung der Massen zur Hochform auf. Noch kann man die Massen bet\u00e4uben, eine Grippewelle zur Pandemie erkl\u00e4ren und das Volk mit der Zurschaustellung von S\u00e4rgen in Angst und Schrecken versetzen. Dass die Grippewelle nur der letzte Tropfen war, der das Fass zum \u00dcberlaufen brachte, wird auch die breite Bev\u00f6lkerung allm\u00e4hlich begreifen. Und auch die S\u00fcdl\u00e4nder werden sich dem deutschen Diktat nicht l\u00e4nger beugen. <\/p>\n\n\n\n<p>Conte hat die Ausgangssperre nur eine kurze Atempause verschafft; wenn er jetzt nicht schnell Eurobonds auflegt, wird er abgel\u00f6st. Und wenn Frankreich sich der Forderung nach den Bonds anschlie\u00dft, die Deutschen aber ihren Herrschaftsanspruch durchsetzen wollen, ist der Euro dann wirklich am Ende. <\/p>\n","protected":false,"gt_translate_keys":[{"key":"rendered","format":"html"}]},"excerpt":{"rendered":"<p>Although almost 500,000 companies have already registered for short-time work, and therefore eight million short-time workers are to be expected, the government (Altmaier and Scholz are doing particularly well) insists&hellip;<\/p>\n","protected":false,"gt_translate_keys":[{"key":"rendered","format":"html"}]},"author":1,"featured_media":0,"comment_status":"open","ping_status":"open","sticky":false,"template":"","format":"standard","meta":{"footnotes":""},"categories":[11],"tags":[16,87,352,240,112],"class_list":["post-1288","post","type-post","status-publish","format-standard","hentry","category-politik","tag-afd","tag-austeritaet","tag-esken","tag-euro","tag-kretschmann"],"gt_translate_keys":[{"key":"link","format":"url"}],"_links":{"self":[{"href":"https:\/\/andreastriebel.de\/index.php?rest_route=\/wp\/v2\/posts\/1288","targetHints":{"allow":["GET"]}}],"collection":[{"href":"https:\/\/andreastriebel.de\/index.php?rest_route=\/wp\/v2\/posts"}],"about":[{"href":"https:\/\/andreastriebel.de\/index.php?rest_route=\/wp\/v2\/types\/post"}],"author":[{"embeddable":true,"href":"https:\/\/andreastriebel.de\/index.php?rest_route=\/wp\/v2\/users\/1"}],"replies":[{"embeddable":true,"href":"https:\/\/andreastriebel.de\/index.php?rest_route=%2Fwp%2Fv2%2Fcomments&post=1288"}],"version-history":[{"count":9,"href":"https:\/\/andreastriebel.de\/index.php?rest_route=\/wp\/v2\/posts\/1288\/revisions"}],"predecessor-version":[{"id":1317,"href":"https:\/\/andreastriebel.de\/index.php?rest_route=\/wp\/v2\/posts\/1288\/revisions\/1317"}],"wp:attachment":[{"href":"https:\/\/andreastriebel.de\/index.php?rest_route=%2Fwp%2Fv2%2Fmedia&parent=1288"}],"wp:term":[{"taxonomy":"category","embeddable":true,"href":"https:\/\/andreastriebel.de\/index.php?rest_route=%2Fwp%2Fv2%2Fcategories&post=1288"},{"taxonomy":"post_tag","embeddable":true,"href":"https:\/\/andreastriebel.de\/index.php?rest_route=%2Fwp%2Fv2%2Ftags&post=1288"}],"curies":[{"name":"wp","href":"https:\/\/api.w.org\/{rel}","templated":true}]}}