{"id":1328,"date":"2020-04-14T18:13:00","date_gmt":"2020-04-14T16:13:00","guid":{"rendered":"http:\/\/andreastriebel.de\/?p=1328"},"modified":"2020-04-14T21:43:07","modified_gmt":"2020-04-14T19:43:07","slug":"staatsterror-in-heidelberg","status":"publish","type":"post","link":"https:\/\/andreastriebel.de\/?p=1328","title":{"rendered":"Staatsterror in Heidelberg","gt_translate_keys":[{"key":"rendered","format":"text"}]},"content":{"rendered":"\n<p><em>Attorney Beate Bahner was arrested yesterday, maltreated and locked up in a psychiatric institution. Ms Bahner had protested in letters and appeals against the government&#8217;s emergency measures. In her distress, this courageous woman turned to the Federal Constitutional Court. The latter did not dare to take a stand against the suspension of basic rights and preferred to duck away.<\/em>&#8230;<\/p>\n\n\n\n<p>Rechtsanw\u00e4ltin Beate Bahner wurde gestern festgenommen, misshandelt und in einer psychiatrischen Einrichtung eingesperrt. Frau Bahner hatte in Briefen und Aufrufen gegen die Notstandsma\u00dfnahmen der Regierung protestiert. In der Not wandte sich diese mutige Frau an das Bundesverfassungsgericht. Dieses wagte es nicht, gegen die Aufhebung der Grundrechte Stellung zu nehmen und duckte sich lieber weg. <\/p>\n\n\n\n<p>Der Erhalt der Macht von Regierung und wohlhabenden Schichten ist oberstes Gesetz, es ist die eigentliche Substanz des Grundgesetzes. Wenn diese Basis aller Gesetze in Gefahr zu geraten scheint, haben alle im Jahr 1789 erk\u00e4mpften Menschenrechte und Freiheit und Gleichheit und Br\u00fcderlichkeit zur\u00fcck zu stehen. Das war schon bei den Nazis so und war auch in der DDR nicht anders. Auch die franz\u00f6sischen Gelbwesten, die zusammen gepr\u00fcgelt und halb blind geschossen wurden, mussten diese Lektion lernen.<\/p>\n\n\n\n<p>Die Misshandlung von Frau Bahner wird man als \u00dcbergriffe unterer Chargen abtun. Bekanntlich brauchen die T\u00e4ter auf unteren Ebenen garnicht ausdr\u00fcckliche Handlungsanweisungen; sie wissen genau, dass ihre \u00dcbergriffe immer von ihren Vorgesetzten und der Justiz gedeckt werden. Und selbstverst\u00e4ndlich f\u00e4llt die Presse \u00fcber die Rechtsanw\u00e4ltin her, pschychiatrisiert sie und versucht, sie in den Dreck zu ziehen. <\/p>\n\n\n\n<p>Und der Pr\u00e4sident verk\u00fcndet salbungsvoll neben der Nationalflagge, dass man mit dem Lock- down Leben retten m\u00fcsse, ist aber gleichzeitig nicht bereit, eine Entlohnung der Pflegenden zu fordern, die eine w\u00fcrdevolle Versorgung alter Menschen erm\u00f6glichen w\u00fcrde. Was ist bedenklicher: diese Heuchelei oder faschistische Ausrutscher unterer Chargen?<\/p>\n\n\n\n<p>F\u00fcr die Mittelklasse h\u00e4lt man sich Intellektuelle, die gern bereit sind, das ganze auch noch zu verteidigen. Mit Begeisterung greifen diese Leute die Story vom Killervirus auf, das scheinbar eine &#8222;egalit\u00e4re Komponente&#8220; hat. Herrliche Zeiten, in denen jetzt Million\u00e4re und Obdachlose in den Augen dieser blinden Soziologen gleichrangig sind. Nein, Herr Bude, das ist nicht der Zusammenbruch des Neoliberalismus. Im Gegenteil, er steht gest\u00e4rkt wieder auf. Der Unterscheid zwischen Oben und Unten vergr\u00f6\u00dfert sich. Noch mehr Menschen m\u00fcssen f\u00fcr geringe L\u00f6hne und in prek\u00e4ren Arbeitsverh\u00e4ltnissen arbeiten. Noch mehr Menschen sind auf Almosen angewiesen. \u00d6ffentliche Dienstleistungen werden noch mehr gek\u00fcrzt werden. Feminismus wird noch eher als Spielwiese betrachtet. Klimaschutz muss &#8222;vor\u00fcbergehend&#8220; zur\u00fcck treten. Totalit\u00e4re Excesse werden achselzuckend in Kauf genommen. Der \u00dcberwachungsstaat wird hastg ausgebaut. Bewundernd schielen Medien und politische Klasse auf Singapur, S\u00fcdkorea und China. Die Zentralisation des Kapitals erlebt einen m\u00e4chtigen Schub.<\/p>\n\n\n\n<p>Nicht eine Sekunde verschwendet unsere politische Klasse an den Gedanken, die neoliberale Weltordnung etwa nicht zu verteidigen. Und Herr Bude schwafelt von einer &#8222;Wiederentdeckung der Gesellschaft&#8220; (das soll eine andere Formulierung f\u00fcr den abgegriffenen Begriff &#8222;wir sitzen alle im gleichen Boot&#8220; sein). Er erh\u00e4lt sich so seine Position, der er sein Ansehen verdankt.<\/p>\n","protected":false,"gt_translate_keys":[{"key":"rendered","format":"html"}]},"excerpt":{"rendered":"<p>Attorney Beate Bahner was arrested yesterday, maltreated and locked up in a psychiatric institution. Ms Bahner had protested in letters and appeals against the government&#8217;s emergency measures. In her distress,&hellip;<\/p>\n","protected":false,"gt_translate_keys":[{"key":"rendered","format":"html"}]},"author":1,"featured_media":0,"comment_status":"open","ping_status":"open","sticky":false,"template":"","format":"standard","meta":{"footnotes":""},"categories":[11],"tags":[399,400,398,385,397],"class_list":["post-1328","post","type-post","status-publish","format-standard","hentry","category-politik","tag-bahner","tag-bude","tag-bundesverfassungsgericht","tag-corona-krise","tag-lock-down"],"gt_translate_keys":[{"key":"link","format":"url"}],"_links":{"self":[{"href":"https:\/\/andreastriebel.de\/index.php?rest_route=\/wp\/v2\/posts\/1328","targetHints":{"allow":["GET"]}}],"collection":[{"href":"https:\/\/andreastriebel.de\/index.php?rest_route=\/wp\/v2\/posts"}],"about":[{"href":"https:\/\/andreastriebel.de\/index.php?rest_route=\/wp\/v2\/types\/post"}],"author":[{"embeddable":true,"href":"https:\/\/andreastriebel.de\/index.php?rest_route=\/wp\/v2\/users\/1"}],"replies":[{"embeddable":true,"href":"https:\/\/andreastriebel.de\/index.php?rest_route=%2Fwp%2Fv2%2Fcomments&post=1328"}],"version-history":[{"count":5,"href":"https:\/\/andreastriebel.de\/index.php?rest_route=\/wp\/v2\/posts\/1328\/revisions"}],"predecessor-version":[{"id":1333,"href":"https:\/\/andreastriebel.de\/index.php?rest_route=\/wp\/v2\/posts\/1328\/revisions\/1333"}],"wp:attachment":[{"href":"https:\/\/andreastriebel.de\/index.php?rest_route=%2Fwp%2Fv2%2Fmedia&parent=1328"}],"wp:term":[{"taxonomy":"category","embeddable":true,"href":"https:\/\/andreastriebel.de\/index.php?rest_route=%2Fwp%2Fv2%2Fcategories&post=1328"},{"taxonomy":"post_tag","embeddable":true,"href":"https:\/\/andreastriebel.de\/index.php?rest_route=%2Fwp%2Fv2%2Ftags&post=1328"}],"curies":[{"name":"wp","href":"https:\/\/api.w.org\/{rel}","templated":true}]}}