{"id":1342,"date":"2020-04-19T15:44:46","date_gmt":"2020-04-19T13:44:46","guid":{"rendered":"http:\/\/andreastriebel.de\/?p=1342"},"modified":"2020-04-19T21:24:44","modified_gmt":"2020-04-19T19:24:44","slug":"corona-krise-oder-besser-gesellschaftskrise","status":"publish","type":"post","link":"https:\/\/andreastriebel.de\/?p=1342","title":{"rendered":"Corona- Krise oder besser Gesellschaftskrise","gt_translate_keys":[{"key":"rendered","format":"text"}]},"content":{"rendered":"\n<p><em>The nineties were full of optimism, it was believed that things would only get better, Bill Clinton and Kofi Annan will fix it, there will be no more wars, the internet as a big promise solves many problems, the climate is already under control, the outsiders of Greenpeace etc. will already put enough pressure&#8230;.<\/em><\/p>\n\n\n\n<p>Die Neunziger Jahre waren voller Optimismus, man glaubte, es geht nur noch aufw\u00e4rts, Bill Clinton und Kofi Annan werden es schon richten, Kriege wird es nicht mehr geben, das Internet als gro\u00dfes Versprechen l\u00f6st viele Probleme, das Klima bekommt man schon in den Griff, die Au\u00dfenseiter von Greenpeace usw.  werden schon genug Druck machen. <\/p>\n\n\n\n<p>In den Nullerjahren setzte allm\u00e4hlich Ern\u00fcchterung ein, eine Wirtschaftskrise, von der viele im reichen Deutschland nichts merkten, wurde \u00fcberstanden, so glaubte man. Dann kam Snowden, der auf die allgegenw\u00e4rtige \u00dcberwachung hinwies. Und die Klimabewegung erstarkte allm\u00e4hlich. Zuletzt breitete sich ein Gef\u00fchl der Unsicherheit aus, weil zunehmend klar wurde, dass die Versprechen und Besch\u00f6nigungen der Regierungen das Klima nicht retten w\u00fcrden. Das Gef\u00fchl der ungewissen Zukunft f\u00fchrte zu einer gesteigerten Erregbarkeit. Da bot sich den Medien mit der Propagierung eines b\u00f6sartigen Virus die Chance die Masseninstinkte in eine Panik zu verwandeln. <\/p>\n\n\n\n<p>1913\/ 14 hatten Medien und politische Klasse das Bild vom b\u00f6sen britischen Reich beschworen. Mit Hurra- Patriotismus und Begeisterung zogen gro\u00dfe Volksmassen in den Krieg. Er wurde noch lange als Stahlgewitter verherrlicht endete aber in Massenmord und Hungersn\u00f6ten und f\u00fchrte zum Untergang der Klasse des Landadels und der Gro\u00dfgrundbesitzer.<\/p>\n\n\n\n<p>Jetzt befeuern Printmedien und bildgebende Medien nur zu gern die Panik, nachdem ihnen bewusst wurde, welche Macht sie dadurch gewinnen. Linke und liberale Medien folgen blindlings wie die Lemminge dem eingeschlagenen Kurs. Merkw\u00fcrdigerweise sind rechte und konservative Medien wie &#8222;Welt&#8220; und FAZ n\u00fcchterner. F\u00fcr das Fernsehen ist ein  Radikalenerlass  nicht notwendig, jede vorsichtige Teilkritik von Fachleuten muss mit einem Bekenntnis zur grunds\u00e4tzlichen Richtigkeit des Lock- down eingeleitet werden.  Schnell hat die politische Klasse die Chance erkannt und die Initiative bei der Regulierung der in Panik versetzten Massen \u00fcbernommen. W\u00e4hrend der Mann mit der Fliege die Panik mit gr\u00f6\u00dftem Zynismus befeuert, ist auch der \u00fcbrige politische Apparat wie betrunken von dem pl\u00f6tzlichen Machtzuwachs und geht sogar noch in die Verl\u00e4ngerung.<\/p>\n\n\n\n<p>W\u00e4hrend liberale Jounalisten  versuchen den Lock- down juristisch als Abw\u00e4gung zu verbr\u00e4men, wird klar, wie hilflos und wie klein solche Gestalten wie Altmaier und Scholz dieser historischen Herausforderung gegen\u00fcber stehen.<\/p>\n\n\n\n<p>Zur Zeit sind die Massen noch von der Corona- Krise bet\u00e4ubt. Wenn aber die Story vom t\u00f6dlichen Virus auffliegt, und sechs oder acht Millionen Arbeitslose auf der Stra\u00dfe demonstrieren, wo bleibt dann die Elite unserer politischen Klasse? Eine Sozialdemokratie, die dieses ganze Elend mit verursacht hat, wird dann ganz weg gefegt werden. Und ein Laschet wird wohl nicht als hart genug gelten, eher ist der Typ Le Pen gefragt.<\/p>\n\n\n\n<p>Wie soll dann noch die Rendite des eingesetzten Kapitals, die unaufh\u00f6rlich sinkt, gerettet werden? Die Ausbeutung Ost- und S\u00fcdeuropas st\u00f6\u00dft an Grenzen. Die best\u00e4ndige \u00dcberproduktion findet keine neuen Absatm\u00e4rkte. Dem US- amerikanischen Imperium ist mit dem chinesischen Machtapparat ein ernsthafter Konkurrent erwachsen. Der von der US- Regierung angezettelte Handelskrieg musste vorl\u00e4ufig auf Eis gelegt werden. Die Schuld an den zweiundzwanzig Millionen gemeldeten Arbeitslosen der USA k\u00f6nnen Medien und Regierung vorl\u00e4ufig noch auf die Corona- Krise schieben bis dann aber das Wirtschaftssystem und unsere Gesellschaftsordnug zur Debatte stehen.<\/p>\n\n\n\n<p>Auch die dem neoliberalen Zeitalter entsprechende Ideologie vom frei und autonom handelnden Individuum bricht zusammen. Der Megatrend der Selbstoptimierung konnte nur unter Ausblendung der gesellschaftlichen Bedingungen und f\u00fcr eine kleine Gruppe in der Mittelschicht aufrecht erhalten werden. Es ist kein Zufall, dass jetzt der Irrweg der bewusstseinserweiternden Drogen pl\u00f6tzlich wieder propagiert wird.<\/p>\n\n\n\n<p>Entsprechend allen \u00c4u\u00dferungen von meinungsbildenden Journalisten und Vertretern der politischen Klasse werden die Ursachen der Gesellschaftskrise, sofern \u00fcberhaupt eine zugestanden wird, weiter nicht behandelt; eine Diskussion k\u00f6nnte zu gef\u00e4hrlich werden. Tracking- App hei\u00dft der Kurs.<\/p>\n\n\n\n<p><\/p>\n","protected":false,"gt_translate_keys":[{"key":"rendered","format":"html"}]},"excerpt":{"rendered":"<p>The nineties were full of optimism, it was believed that things would only get better, Bill Clinton and Kofi Annan will fix it, there will be no more wars, the&hellip;<\/p>\n","protected":false,"gt_translate_keys":[{"key":"rendered","format":"html"}]},"author":1,"featured_media":0,"comment_status":"open","ping_status":"open","sticky":false,"template":"","format":"standard","meta":{"footnotes":""},"categories":[45],"tags":[284,385,403,402,33],"class_list":["post-1342","post","type-post","status-publish","format-standard","hentry","category-gesellschaft","tag-arbeitslosigkeit","tag-corona-krise","tag-klimakrise","tag-lock-down-2","tag-sozialdemokratie"],"gt_translate_keys":[{"key":"link","format":"url"}],"_links":{"self":[{"href":"https:\/\/andreastriebel.de\/index.php?rest_route=\/wp\/v2\/posts\/1342","targetHints":{"allow":["GET"]}}],"collection":[{"href":"https:\/\/andreastriebel.de\/index.php?rest_route=\/wp\/v2\/posts"}],"about":[{"href":"https:\/\/andreastriebel.de\/index.php?rest_route=\/wp\/v2\/types\/post"}],"author":[{"embeddable":true,"href":"https:\/\/andreastriebel.de\/index.php?rest_route=\/wp\/v2\/users\/1"}],"replies":[{"embeddable":true,"href":"https:\/\/andreastriebel.de\/index.php?rest_route=%2Fwp%2Fv2%2Fcomments&post=1342"}],"version-history":[{"count":9,"href":"https:\/\/andreastriebel.de\/index.php?rest_route=\/wp\/v2\/posts\/1342\/revisions"}],"predecessor-version":[{"id":1351,"href":"https:\/\/andreastriebel.de\/index.php?rest_route=\/wp\/v2\/posts\/1342\/revisions\/1351"}],"wp:attachment":[{"href":"https:\/\/andreastriebel.de\/index.php?rest_route=%2Fwp%2Fv2%2Fmedia&parent=1342"}],"wp:term":[{"taxonomy":"category","embeddable":true,"href":"https:\/\/andreastriebel.de\/index.php?rest_route=%2Fwp%2Fv2%2Fcategories&post=1342"},{"taxonomy":"post_tag","embeddable":true,"href":"https:\/\/andreastriebel.de\/index.php?rest_route=%2Fwp%2Fv2%2Ftags&post=1342"}],"curies":[{"name":"wp","href":"https:\/\/api.w.org\/{rel}","templated":true}]}}