{"id":1352,"date":"2020-04-23T11:19:26","date_gmt":"2020-04-23T09:19:26","guid":{"rendered":"http:\/\/andreastriebel.de\/?p=1352"},"modified":"2020-04-23T11:19:26","modified_gmt":"2020-04-23T09:19:26","slug":"merkels-relotius-schwafelt-von-der-zweiten-welle","status":"publish","type":"post","link":"https:\/\/andreastriebel.de\/?p=1352","title":{"rendered":"Merkels Relotius schwafelt von der zweiten Welle","gt_translate_keys":[{"key":"rendered","format":"text"}]},"content":{"rendered":"\n<p><em>The Chancellor gets the experts who fit her political line. The media had done good preparatory work with a barrage of horror reports. First and foremost the fee-financed state broadcasters. And these stations are still standing behind her, blanking out everything that does not fit in with her political line. The people are still submitting and the resistance only shows itself indirectly.<\/em><\/p>\n\n\n\n<p>Die Kanzlerin holt sich die Fachleute, die zu ihrer politischen Linie passen. Gute Vorarbeit hatten die Medien mit einem Trommelfeuer von Schreckensmeldungen geleistet. Allen voran die geb\u00fchrenfinanzierten Staatssender. Und noch stehen diese Sender hinter ihr und blenden alles aus, das nicht zur Linie passt. Noch unterwirft sich das Volk und der Widerstand zeigt sich nur indirekt.<\/p>\n\n\n\n<p>Weiter breitet der NDR dem Hochstapler aus der Charit\u00e9 den roten Teppich aus und die von der Regierung unterhaltene deutsche Forschungsgemeinschaft verleiht dem Professor einen Preis f\u00fcr Kommunikation. Wo ist der Unterschied zu dem Betr\u00fcger Relotius?<\/p>\n\n\n\n<p>Nachdem die Regierungspolitik die deutsche und auch europ\u00e4ische \u00d6konomie an den Rand des Abgrundes gef\u00fchrt hat, l\u00e4sst die Corona- Krise jetzt die ersten Betriebe den Abgrund hinab st\u00fcrzen. Das zu ertragen erfordert Disziplin und Unterwerfung. Daher schwafelt der Hochstapler, der wissen m\u00fcsste, dass er nichts von Epidemiologie versteht, zwar nicht mehr von Millionen Toten, die in Deutschland bevor stehen w\u00fcrden, aber beschw\u00f6rt eine &#8222;zweite Welle&#8220;. Ohne Hemmungen benutzt er wissenschaftliches Vokabular und das \u00e4rztliche Prestige, um vor einer Lockerung des Lock- down oder gar seiner Abschaffung zu warnen.<\/p>\n\n\n\n<p>Und die Kanzlerin wischt den Rat der Fachleute beiseite, die Medien hat sie ja auf ihrer Seite, spielt sich als f\u00fcrsorgende Regierungschefin auf und belohnt subalterne Virologen mit Zuwendungen in H\u00f6he von hunderten Millionen Euros. Vollkommen stur h\u00e4lt sie an der M\u00e4r vom Impfstoff fest, solange soll die Zwangsjacke noch getragen werden.<\/p>\n\n\n\n<p>\u00dcber Nacht werden die zaghaften Versuche f\u00fcr eine Grundrente f\u00fcr eine geringe Zahl von Berechtigten abgeschafft, wird die 60- Stunden- Woche erlaubt und gro\u00dfe Teile der Bev\u00f6lkerung m\u00fcssen um ihren Lohn bangen; die Klimakrise ger\u00e4t in den Hintergrund und die Regierung hat (endlich!) wieder die Initiative. <\/p>\n\n\n\n<p>Und Scholz spricht von &#8222;neuer Normalit\u00e4t&#8220;. Dieses Schlagwort, das die soziale Deklassierung verbergen soll, ist so durchsichtig wie l\u00e4cherlich. Ein passenderer Begriff w\u00e4re ein sozialfaschistischer Coup, der sich anbahnt.<\/p>\n","protected":false,"gt_translate_keys":[{"key":"rendered","format":"html"}]},"excerpt":{"rendered":"<p>The Chancellor gets the experts who fit her political line. The media had done good preparatory work with a barrage of horror reports. First and foremost the fee-financed state broadcasters.&hellip;<\/p>\n","protected":false,"gt_translate_keys":[{"key":"rendered","format":"html"}]},"author":1,"featured_media":0,"comment_status":"open","ping_status":"open","sticky":false,"template":"","format":"standard","meta":{"footnotes":""},"categories":[45,11],"tags":[406,385,402,26,405,404],"class_list":["post-1352","post","type-post","status-publish","format-standard","hentry","category-gesellschaft","category-politik","tag-charite","tag-corona-krise","tag-lock-down-2","tag-merkel","tag-ndr","tag-relotius"],"gt_translate_keys":[{"key":"link","format":"url"}],"_links":{"self":[{"href":"https:\/\/andreastriebel.de\/index.php?rest_route=\/wp\/v2\/posts\/1352","targetHints":{"allow":["GET"]}}],"collection":[{"href":"https:\/\/andreastriebel.de\/index.php?rest_route=\/wp\/v2\/posts"}],"about":[{"href":"https:\/\/andreastriebel.de\/index.php?rest_route=\/wp\/v2\/types\/post"}],"author":[{"embeddable":true,"href":"https:\/\/andreastriebel.de\/index.php?rest_route=\/wp\/v2\/users\/1"}],"replies":[{"embeddable":true,"href":"https:\/\/andreastriebel.de\/index.php?rest_route=%2Fwp%2Fv2%2Fcomments&post=1352"}],"version-history":[{"count":5,"href":"https:\/\/andreastriebel.de\/index.php?rest_route=\/wp\/v2\/posts\/1352\/revisions"}],"predecessor-version":[{"id":1357,"href":"https:\/\/andreastriebel.de\/index.php?rest_route=\/wp\/v2\/posts\/1352\/revisions\/1357"}],"wp:attachment":[{"href":"https:\/\/andreastriebel.de\/index.php?rest_route=%2Fwp%2Fv2%2Fmedia&parent=1352"}],"wp:term":[{"taxonomy":"category","embeddable":true,"href":"https:\/\/andreastriebel.de\/index.php?rest_route=%2Fwp%2Fv2%2Fcategories&post=1352"},{"taxonomy":"post_tag","embeddable":true,"href":"https:\/\/andreastriebel.de\/index.php?rest_route=%2Fwp%2Fv2%2Ftags&post=1352"}],"curies":[{"name":"wp","href":"https:\/\/api.w.org\/{rel}","templated":true}]}}