{"id":1406,"date":"2020-05-12T13:50:01","date_gmt":"2020-05-12T11:50:01","guid":{"rendered":"http:\/\/andreastriebel.de\/?p=1406"},"modified":"2020-05-12T13:50:01","modified_gmt":"2020-05-12T11:50:01","slug":"update-zur-corona-krise","status":"publish","type":"post","link":"https:\/\/andreastriebel.de\/?p=1406","title":{"rendered":"Update zur Corona- Krise","gt_translate_keys":[{"key":"rendered","format":"text"}]},"content":{"rendered":"\n<p><em>Despite the curfew in large parts of Germany, the wave of influenza has subsided. It peaked at the beginning of March, only to decline continuously unaffected by government measures. It has taken exactly the same course in all European countries, partly on the same day. As predicted by the epidemiologists, the level of immunity achieved by then, together with the dry climate, was sufficient to declare the season over early. There is no medical reason to give a corona virus a special role this y<\/em>ear&#8230;.<\/p>\n\n\n\n<p>Trotz der Ausgangssperre in weiten Teilen Deutschlands ist die Grippewelle abgeklungen. Ihren H\u00f6hepunkt hatte sie Anfang M\u00e4rz erreicht, um dann unbeeinflusst von Ma\u00dfnahmen der Regierung kontinuierlich zur\u00fcck zu gehen. Den exakt teilweise auf den Tag gleichen Verlauf hat sie in allen europ\u00e4ischen L\u00e4ndern genommen. Wie von den Epidemiologen voraus gesagt, reichte das bis dahin erreichte Ausma\u00df der Immunit\u00e4t zusammen mit dem trockenen Klima, die Saison fr\u00fchzeitig f\u00fcr beendet zu erkl\u00e4ren.  Es liegt kein medizinischer Grund vor, in diesem Jahr einem Corona- Virus eine Sonderrolle zu zuerkennen.<\/p>\n\n\n\n<p>Die n\u00e4chste Epideme tritt erst wieder im Herbst bzw. im November oder Dezember auf. F\u00fcr s\u00e4mtliche Fachkreise, au\u00dfer den Verschw\u00f6rern von der Charit\u00e9, ist das vollkommen klar. Die Kanzlerin aber behauptet stur, dass &#8222;wir erst am Anfang der Epidemie stehen&#8220; w\u00fcrden und macht sich damit zunehmend l\u00e4cherlich. <\/p>\n\n\n\n<p>Sie n\u00f6tigt der Bev\u00f6lkerung zusammen mit den Ministerpr\u00e4sidenten der Bev\u00f6lkerung die gesundheitssch\u00e4dliche Maskerade auf und wird dabei von den bis vor der Krise als links und liberal geltenden Medien besonders eifrig unterst\u00fctzt.<\/p>\n\n\n\n<p>Der Widerstand in der Bev\u00f6lkerung schwillt aber an, die Zahl der Teilnehmer an den Demonstrationen wird immer gr\u00f6\u00dfer, w\u00e4hrend die politische Klasse aufr\u00fcsten l\u00e4sst und mit Polizisten in Kampfmontur und mit Hundestaffeln einzusch\u00fcchtern versucht.<\/p>\n\n\n\n<p>Aber die Theorie der Verschw\u00f6rer, dass von einem neuen Virus eine gr\u00f6\u00dfere Gefahr ausgehen w\u00fcrde, hat sich als haltlos, sogar als Betrug erwiesen. Daher wollen immer mehr ihre Freiheit zur\u00fcck und keine &#8222;neue Normalit\u00e4t&#8220;.<\/p>\n\n\n\n<p>Mit dem Wegbrechen der \u00f6konomischen Basis, das schon lange vor der Corona- Krise begonnen hat, sieht die politische Klasse ihre Herrschaft gef\u00e4hrdet, daher die Verunglimpfungen der Proteste. Die Medien \u00fcberschlagen sich mit Beschimpfungen wie &#8222;Reichsb\u00fcrger, Irre, Impfgegener, Rechtsextreme, Antisemiten&#8220;. Die Faktenchecks werden immer absurder. Je mehr der Einfluss der Medien schwindet, desto heftiger die Hetze.<\/p>\n\n\n\n<p>V\u00f6llig neue, vorher ungeahnte Koalitionen entstehen; die Distanz zum politischen Betrieb erm\u00f6glicht einem Kardinal M\u00fcller klarsichtige Erkenntnisse: Macht ist immer totalit\u00e4r ausgerichtet und mit Religionsfreiheit nicht vereinbar.<\/p>\n\n\n\n<p>W\u00e4hrend der mediale Mainstream noch versucht, die Gesellschaftskrise als Corona- Krise herunter zu spielen, d\u00fcrfte allm\u00e4hlich mit dem \u00f6konomischen Zusammenbruch die historische Dimension ins Bewusstsein treten. Wissenschaftler, Professoren, \u00c4rzte in gro\u00dfer Zahl sind voll Sorge und m\u00f6chten verhindern, dass dieser zivilisatorische R\u00fcckschritt so endet wie vor neunzig Jahren.<\/p>\n\n\n\n<p><\/p>\n","protected":false,"gt_translate_keys":[{"key":"rendered","format":"html"}]},"excerpt":{"rendered":"<p>Despite the curfew in large parts of Germany, the wave of influenza has subsided. It peaked at the beginning of March, only to decline continuously unaffected by government measures. It&hellip;<\/p>\n","protected":false,"gt_translate_keys":[{"key":"rendered","format":"html"}]},"author":1,"featured_media":0,"comment_status":"open","ping_status":"open","sticky":false,"template":"","format":"standard","meta":{"footnotes":""},"categories":[45,11],"tags":[385,380],"class_list":["post-1406","post","type-post","status-publish","format-standard","hentry","category-gesellschaft","category-politik","tag-corona-krise","tag-grippewelle"],"gt_translate_keys":[{"key":"link","format":"url"}],"_links":{"self":[{"href":"https:\/\/andreastriebel.de\/index.php?rest_route=\/wp\/v2\/posts\/1406","targetHints":{"allow":["GET"]}}],"collection":[{"href":"https:\/\/andreastriebel.de\/index.php?rest_route=\/wp\/v2\/posts"}],"about":[{"href":"https:\/\/andreastriebel.de\/index.php?rest_route=\/wp\/v2\/types\/post"}],"author":[{"embeddable":true,"href":"https:\/\/andreastriebel.de\/index.php?rest_route=\/wp\/v2\/users\/1"}],"replies":[{"embeddable":true,"href":"https:\/\/andreastriebel.de\/index.php?rest_route=%2Fwp%2Fv2%2Fcomments&post=1406"}],"version-history":[{"count":8,"href":"https:\/\/andreastriebel.de\/index.php?rest_route=\/wp\/v2\/posts\/1406\/revisions"}],"predecessor-version":[{"id":1414,"href":"https:\/\/andreastriebel.de\/index.php?rest_route=\/wp\/v2\/posts\/1406\/revisions\/1414"}],"wp:attachment":[{"href":"https:\/\/andreastriebel.de\/index.php?rest_route=%2Fwp%2Fv2%2Fmedia&parent=1406"}],"wp:term":[{"taxonomy":"category","embeddable":true,"href":"https:\/\/andreastriebel.de\/index.php?rest_route=%2Fwp%2Fv2%2Fcategories&post=1406"},{"taxonomy":"post_tag","embeddable":true,"href":"https:\/\/andreastriebel.de\/index.php?rest_route=%2Fwp%2Fv2%2Ftags&post=1406"}],"curies":[{"name":"wp","href":"https:\/\/api.w.org\/{rel}","templated":true}]}}