{"id":143,"date":"2017-04-30T18:33:33","date_gmt":"2017-04-30T18:33:33","guid":{"rendered":"http:\/\/andreastriebel.de\/?p=143"},"modified":"2017-06-02T07:08:01","modified_gmt":"2017-06-02T07:08:01","slug":"angeblicher-eklat-bei-gabriels-israel-besuch","status":"publish","type":"post","link":"https:\/\/andreastriebel.de\/?p=143","title":{"rendered":"Angeblicher Eklat bei Gabriels Israel- Besuch!","gt_translate_keys":[{"key":"rendered","format":"text"}]},"content":{"rendered":"<p>Diese Besuche der deutschen Politikerklasse sind der Gipfel der Heuchelei! Alle wissen von dem brutalen Terror des israelischen Apartheidregimes. Sind denn die Brandbomben auf Pal\u00e4stina, die Ermordung und Einkerkerung der pal\u00e4stinensischen F\u00fchrungsschicht ethischer als das Giftgas auf Syrer und Kurden?<br \/>\nDas Politritual, das der drittgr\u00f6\u00dfte Waffenexporteur der Welt in Israel veranstaltet, geh\u00f6rt zum widerw\u00e4rtigsten Schauspiel, das der deutsche Politikbetrieb zu bieten hat.<br \/>\nWer in der politischen Kaste aufsteigen will, muss nach Israel Reisen; sogar Ramelow hat sich das K\u00e4ppi aufgesetzt. Nur Helmut Schmidt hatte die Statur sich dem unw\u00fcrdigen Spektakel zu widersetzen.<br \/>\nSogar der israelischen Regierungsclique geht das Geseiere der deutschen Politiker auf die Nerven; sie inszenieren daher bei Besuchen von SPD- Politikern eine ungeplante in Wirklichkeit aber sorgf\u00e4ltig orchestrierte Gespr\u00e4chsabsage. Vermutlich geht es dabei um die Zusage einer Waffenlieferung, wobei Gabriel unter Hinweis auf die deutschen Arbeitspl\u00e4tze die optimale Adresse ist.<\/p>\n","protected":false,"gt_translate_keys":[{"key":"rendered","format":"html"}]},"excerpt":{"rendered":"<p>Diese Besuche der deutschen Politikerklasse sind der Gipfel der Heuchelei! Alle wissen von dem brutalen Terror des israelischen Apartheidregimes. Sind denn die Brandbomben auf Pal\u00e4stina, die Ermordung und Einkerkerung der&hellip;<\/p>\n","protected":false,"gt_translate_keys":[{"key":"rendered","format":"html"}]},"author":1,"featured_media":0,"comment_status":"open","ping_status":"open","sticky":false,"template":"","format":"standard","meta":{"footnotes":""},"categories":[45,11],"tags":[14,67],"class_list":["post-143","post","type-post","status-publish","format-standard","hentry","category-gesellschaft","category-politik","tag-sigmar-gabriel","tag-waffenexport"],"gt_translate_keys":[{"key":"link","format":"url"}],"_links":{"self":[{"href":"https:\/\/andreastriebel.de\/index.php?rest_route=\/wp\/v2\/posts\/143","targetHints":{"allow":["GET"]}}],"collection":[{"href":"https:\/\/andreastriebel.de\/index.php?rest_route=\/wp\/v2\/posts"}],"about":[{"href":"https:\/\/andreastriebel.de\/index.php?rest_route=\/wp\/v2\/types\/post"}],"author":[{"embeddable":true,"href":"https:\/\/andreastriebel.de\/index.php?rest_route=\/wp\/v2\/users\/1"}],"replies":[{"embeddable":true,"href":"https:\/\/andreastriebel.de\/index.php?rest_route=%2Fwp%2Fv2%2Fcomments&post=143"}],"version-history":[{"count":5,"href":"https:\/\/andreastriebel.de\/index.php?rest_route=\/wp\/v2\/posts\/143\/revisions"}],"predecessor-version":[{"id":158,"href":"https:\/\/andreastriebel.de\/index.php?rest_route=\/wp\/v2\/posts\/143\/revisions\/158"}],"wp:attachment":[{"href":"https:\/\/andreastriebel.de\/index.php?rest_route=%2Fwp%2Fv2%2Fmedia&parent=143"}],"wp:term":[{"taxonomy":"category","embeddable":true,"href":"https:\/\/andreastriebel.de\/index.php?rest_route=%2Fwp%2Fv2%2Fcategories&post=143"},{"taxonomy":"post_tag","embeddable":true,"href":"https:\/\/andreastriebel.de\/index.php?rest_route=%2Fwp%2Fv2%2Ftags&post=143"}],"curies":[{"name":"wp","href":"https:\/\/api.w.org\/{rel}","templated":true}]}}