{"id":1436,"date":"2020-05-21T13:48:43","date_gmt":"2020-05-21T11:48:43","guid":{"rendered":"http:\/\/andreastriebel.de\/?p=1436"},"modified":"2020-05-21T13:55:39","modified_gmt":"2020-05-21T11:55:39","slug":"faktenchecker-faktenleugner","status":"publish","type":"post","link":"https:\/\/andreastriebel.de\/?p=1436","title":{"rendered":"Faktenchecker, Faktenleugner","gt_translate_keys":[{"key":"rendered","format":"text"}]},"content":{"rendered":"\n<p><em>Despite the huge propaganda of the government and the mainstream media, the extent of the Corona fraud is becoming increasingly clear to the general public and resistance is growing. A jumble of fact-checkers is being summone<\/em>d <em>in the media to justify the government&#8217;s actions.<\/em>&#8230;<\/p>\n\n\n\n<p>Trotz der gewaltigen Propaganda von Regierung und den Mainstream- Medien wird auch der breiten \u00d6ffentlichkeit das Ausma\u00df des Corona- Betruges immer deutlicher und der Widerstand gewinnt an Fahrt. Ein Wust von Faktencheckern wird in den Medien aufgeboten, um die Ma\u00dfnahmen der Regierung zu rechtfertigen.<\/p>\n\n\n\n<p>Beispiel: Die S\u00fcddeutsche Zeitung, eine der einflussreichsten Zeitungen, hat ihre gesamte Wissenschaftsredaktion veranlasst, gegen &#8222;gef\u00e4hrliche Gespinste&#8220; vor zugehen.  Sie behaupten:<\/p>\n\n\n\n<ol class=\"wp-block-list\"><li>Unabh\u00e4ngig von der Tatsache, dass jedes Virus, das sich epidemisch ausbreitet immer &#8222;neu&#8220; ist, sei dieses Virus besonders neu, da es molekulare Innovationen hervorrufe, deshalb sei es besonders gef\u00e4hrlich. Das machen aber alle Viren und warum dieses Virus  nun besonders gef\u00e4hrlich sei, daf\u00fcr bleibt Katrin Zinkat den Beweis schuldig, sie bel\u00e4sst es bei der Behauptung.<\/li><li>Hanno Charisius meint, dass die Regierungsgegner behaupten w\u00fcrden, dass durch die Testungen die Zahl der Infektionen zunehmen w\u00fcrde. Als Beweis f\u00fchrt er ausgerechnet D. Trump an. Er lenkt damit davon ab, dass seine Zeitung die ganze Zeit \u00fcber bis vor Kurzem die absolute Zahl der Infektionen graphisch dargestellt hat. Diese Panikkurve war irref\u00fchrend; es ging um einen behaupteten exponentiellen Anstieg. Tats\u00e4chlich aber stieg die Zahl der positiv Getesteten von der 12. bis zur 14. KW von ca 7000 auf 8000 bis auf 9000 pro 100 000 Tests. Kein Statistiker nennt so etwas eine exponentielle Steigerung. <\/li><li>Berit Uhlmann wiederum behautet, dass die Zahl der F\u00e4lle erst Anfang April abgenommen h\u00e4tte, deshalb h\u00e4tten die Interventionen der Regierung die Epidemie doch  einged\u00e4mmt. Tats\u00e4chlich aber gibt es einen Meldeverzug von zwei bis drei Wochen und durchnittlich vergehen 23 Tage zwischen Infektion und Tod, so dass der H\u00f6hepunkt der Infektion auf den 3. und 4. M\u00e4rz an zu setzen ist und sp\u00e4testens in der 11. KW niemand mehr an dem R\u00fcckzug des Virus zweifeln konnte.<\/li><li>Werner Bartens behauptet, dass Covid-19 mehr Organe befallen w\u00fcrde (ohne daf\u00fcr Zahlen zu liefern) und deshalb zu einer h\u00f6heren Sterblichkeit f\u00fchren w\u00fcrde als andere Erreger. Sp\u00e4ter schr\u00e4nkt er seine Behauptung dann ein und meint, dass die Sterblichkeit bei schweren Verl\u00e4ufen h\u00f6her sei. Diese Theorie will er mit der Behauptung belegen, dass es vom M\u00e4rz an drastische Einschr\u00e4nkungen gegeben habe, sonst w\u00e4ren die Opferzahlen h\u00f6her gewesen. Dass als Corona- Tote alle als  positiv Getesteten bezeichnet wurden, also auch Verkehrsopfer, verschweigt er lieber. Die Zahl von 25 000 Toten in der Grippesaison von 2017\/18 seien nur Hochrechnungen gewesen und jetzt k\u00f6nnten  es bis zum Sommer 10 000 Corona- Tote werden. Wer verbreitet denn hier krude Ideen?<\/li><li>Auch Christina Berndt, eigentlich eine Naturwissenschaftlerin, verbreitet erfreut:&#8220;Inzwischen ist die \u00dcbersterblichkeit da&#8220;. Im Januar, im Februar und M\u00e4rz also, als das Virus sich mit gro\u00dfer Geschwindigkeit ausbreitete,  hielt sich  das Virus in seiner Gef\u00e4hrlichkeit zur\u00fcck und f\u00fchrte zu einer Untersterblichkeit  und im April, als die Ausbreitung stark zur\u00fcck ging, f\u00fchrte das Virus pl\u00f6tzlich zu einer erh\u00f6hten Sterblichkeit?  &#8222;Nun ist die \u00dcbersterblichkeit nicht mehr zu leugnen&#8220;. Solch krude Behauptungen muss man nicht kommentieren.<\/li><li>Christina Kunkel will sich nicht damit abfinden, dass das Virus in der Regel bei sehr alten und sehr kranken Menschen zum Tode beitr\u00e4gt. Das Durchschnittsalter der Verstorbenen betrug 82 Jahre. Dass diese ohne Covid- 19 noch ungef\u00e4hr neun Jahre gelebt h\u00e4tten, ist eine unseri\u00f6se Behauptung. Frau Kunkel bezieht sich auf eine  schottische Studie. (McAllister)<\/li><li>Dass das Immunsystem ein guter Schutz gegen eine Virusinfektion sei, will Herr H\u00fctten zugeben, aber er meint, dass auch junge Menschen an der Virusinfektion gestorben seien, die doch eigentlich gesund gewesen seien. Tats\u00e4chlich ist das aber nichts f\u00fcr Covid-19 Spezifisches, das hat es schon immer gegeben.<\/li><\/ol>\n\n\n\n<p>Auf keinen Fall wollen es diese Journalisten wahr haben, dass das Corona- Virus verschwunden ist, obwohl alle nahmhaften Epidemiologen der Welt das so vorher gesagt haben. Erst im Dezember dr\u00e4ngt sich wieder ein &#8222;neues&#8220; in den Vordergrund. <\/p>\n\n\n\n<p>Die Fehlerquote bei validierten Tests liegt bei 3 bis f\u00fcnf Prozent, das hei\u00dft, dass in diesem Bereich falsch positiv getestet wird und in diesem Bereich liegen die Zahlen jetzt auch.<\/p>\n","protected":false,"gt_translate_keys":[{"key":"rendered","format":"html"}]},"excerpt":{"rendered":"<p>Despite the huge propaganda of the government and the mainstream media, the extent of the Corona fraud is becoming increasingly clear to the general public and resistance is growing. A&hellip;<\/p>\n","protected":false,"gt_translate_keys":[{"key":"rendered","format":"html"}]},"author":1,"featured_media":0,"comment_status":"open","ping_status":"open","sticky":false,"template":"","format":"standard","meta":{"footnotes":""},"categories":[45,12],"tags":[374,401,417,416,207],"class_list":["post-1436","post","type-post","status-publish","format-standard","hentry","category-gesellschaft","category-medizin","tag-corona","tag-covid-19-2","tag-faktencheck","tag-immunsystem","tag-sueddeutsche-zeitung"],"gt_translate_keys":[{"key":"link","format":"url"}],"_links":{"self":[{"href":"https:\/\/andreastriebel.de\/index.php?rest_route=\/wp\/v2\/posts\/1436","targetHints":{"allow":["GET"]}}],"collection":[{"href":"https:\/\/andreastriebel.de\/index.php?rest_route=\/wp\/v2\/posts"}],"about":[{"href":"https:\/\/andreastriebel.de\/index.php?rest_route=\/wp\/v2\/types\/post"}],"author":[{"embeddable":true,"href":"https:\/\/andreastriebel.de\/index.php?rest_route=\/wp\/v2\/users\/1"}],"replies":[{"embeddable":true,"href":"https:\/\/andreastriebel.de\/index.php?rest_route=%2Fwp%2Fv2%2Fcomments&post=1436"}],"version-history":[{"count":8,"href":"https:\/\/andreastriebel.de\/index.php?rest_route=\/wp\/v2\/posts\/1436\/revisions"}],"predecessor-version":[{"id":1444,"href":"https:\/\/andreastriebel.de\/index.php?rest_route=\/wp\/v2\/posts\/1436\/revisions\/1444"}],"wp:attachment":[{"href":"https:\/\/andreastriebel.de\/index.php?rest_route=%2Fwp%2Fv2%2Fmedia&parent=1436"}],"wp:term":[{"taxonomy":"category","embeddable":true,"href":"https:\/\/andreastriebel.de\/index.php?rest_route=%2Fwp%2Fv2%2Fcategories&post=1436"},{"taxonomy":"post_tag","embeddable":true,"href":"https:\/\/andreastriebel.de\/index.php?rest_route=%2Fwp%2Fv2%2Ftags&post=1436"}],"curies":[{"name":"wp","href":"https:\/\/api.w.org\/{rel}","templated":true}]}}