{"id":150,"date":"2017-05-26T11:43:06","date_gmt":"2017-05-26T11:43:06","guid":{"rendered":"http:\/\/andreastriebel.de\/?p=150"},"modified":"2017-05-28T12:26:44","modified_gmt":"2017-05-28T12:26:44","slug":"das-wahlkampfprogramm-der-spd","status":"publish","type":"post","link":"https:\/\/andreastriebel.de\/?p=150","title":{"rendered":"Das Wahlkampfprogramm der SPD","gt_translate_keys":[{"key":"rendered","format":"text"}]},"content":{"rendered":"<p>Eisern h\u00e4lt die SPD an ihrer Schr\u00f6der- Fischer- Agenda fest. Blo\u00df nicht daran r\u00fctteln und wenn es zum Untergang f\u00fchrt, aber ein Glaubensbekenntnis gibt man nicht auf. Es geht ja auch nicht um die W\u00e4hlerschaft am unteren sozialen Rand. Nein, man will das h\u00f6here B\u00fcrgertum erreichen. So emanzipiert man sich von seiner Herkunft und von seinem Stand. Die Abgeh\u00e4ngten dieser Gesellschaft k\u00f6nnen ruhig abgeh\u00e4ngt bleiben, sie gehen sowieso nicht zur Wahl. Das Werben geht vielmehr um Lehrer, Studienr\u00e4te, Rechtsanw\u00e4lte, h\u00f6here Staatsangestellte, Betriebsratsvorsitzende usw. In der Konkurrenz mit der CDU kann die SPD dabei nat\u00fcrlich nur verlieren. Und dass ein SPD- Minister deutsche Betriebe vor chinesischer Konkurrenz sch\u00fctzen will, grenzt schon ans L\u00e4cherliche. Schr\u00f6der hat mit der Betriebsrettung auch nur einen Wahkampf gewonnen, dann war die Luft raus. Jetzt h\u00e4lt der neue nieders\u00e4chsische Ministerpr\u00e4sident seine sch\u00fctzende Hand \u00fcber die VW- Betr\u00fcgereien und bringt zur Ablenkung eine Steuererleichterung ins Spiel, die genau das angepeilte B\u00fcrgertum entlasten soll. Und das gemeine Volk soll mit solchen Spiegelfechtereien wie der sogenannten Harmonisierung der Sozialbeitr\u00e4ge beruhigt werden.<\/p>\n<p>Wie Schulz diesen Haufen von Opportunisten zusammen halten soll, wei\u00df er wohl selbst nicht. Und um eine klar sozialdemokratische Richtung vorzugeben, dazu hat er wohl nicht das Format. Aber eine Sozialdemokratie hat auch in Zeiten der Deflation keine Konjunktur.<\/p>\n","protected":false,"gt_translate_keys":[{"key":"rendered","format":"html"}]},"excerpt":{"rendered":"<p>Eisern h\u00e4lt die SPD an ihrer Schr\u00f6der- Fischer- Agenda fest. Blo\u00df nicht daran r\u00fctteln und wenn es zum Untergang f\u00fchrt, aber ein Glaubensbekenntnis gibt man nicht auf. Es geht ja&hellip;<\/p>\n","protected":false,"gt_translate_keys":[{"key":"rendered","format":"html"}]},"author":1,"featured_media":0,"comment_status":"open","ping_status":"open","sticky":false,"template":"","format":"standard","meta":{"footnotes":""},"categories":[45,11],"tags":[69,70,33,15,68],"class_list":["post-150","post","type-post","status-publish","format-standard","hentry","category-gesellschaft","category-politik","tag-martin-schulz","tag-schroeder-fischer-agenda","tag-sozialdemokratie","tag-spd","tag-wahlkampfprogramm"],"gt_translate_keys":[{"key":"link","format":"url"}],"_links":{"self":[{"href":"https:\/\/andreastriebel.de\/index.php?rest_route=\/wp\/v2\/posts\/150","targetHints":{"allow":["GET"]}}],"collection":[{"href":"https:\/\/andreastriebel.de\/index.php?rest_route=\/wp\/v2\/posts"}],"about":[{"href":"https:\/\/andreastriebel.de\/index.php?rest_route=\/wp\/v2\/types\/post"}],"author":[{"embeddable":true,"href":"https:\/\/andreastriebel.de\/index.php?rest_route=\/wp\/v2\/users\/1"}],"replies":[{"embeddable":true,"href":"https:\/\/andreastriebel.de\/index.php?rest_route=%2Fwp%2Fv2%2Fcomments&post=150"}],"version-history":[{"count":4,"href":"https:\/\/andreastriebel.de\/index.php?rest_route=\/wp\/v2\/posts\/150\/revisions"}],"predecessor-version":[{"id":156,"href":"https:\/\/andreastriebel.de\/index.php?rest_route=\/wp\/v2\/posts\/150\/revisions\/156"}],"wp:attachment":[{"href":"https:\/\/andreastriebel.de\/index.php?rest_route=%2Fwp%2Fv2%2Fmedia&parent=150"}],"wp:term":[{"taxonomy":"category","embeddable":true,"href":"https:\/\/andreastriebel.de\/index.php?rest_route=%2Fwp%2Fv2%2Fcategories&post=150"},{"taxonomy":"post_tag","embeddable":true,"href":"https:\/\/andreastriebel.de\/index.php?rest_route=%2Fwp%2Fv2%2Ftags&post=150"}],"curies":[{"name":"wp","href":"https:\/\/api.w.org\/{rel}","templated":true}]}}