{"id":1554,"date":"2020-06-27T15:14:10","date_gmt":"2020-06-27T13:14:10","guid":{"rendered":"http:\/\/andreastriebel.de\/?p=1554"},"modified":"2020-07-12T19:12:50","modified_gmt":"2020-07-12T17:12:50","slug":"warum-darf-die-kanzlerin-uns-kompletten-bloedsinn-erzaehlen","status":"publish","type":"post","link":"https:\/\/andreastriebel.de\/?p=1554","title":{"rendered":"Warum darf die Kanzlerin uns kompletten Bl\u00f6dsinn erz\u00e4hlen?","gt_translate_keys":[{"key":"rendered","format":"text"}]},"content":{"rendered":"\n<p><strong>When Trump says nonsense, and according to the media reports, he&#8217;s supposed to do it all the time, all observers make fun, while the high-ranking employees gathered around Trump look and nod seriously, knowing that otherwise they&#8217;ll get fired. This is a show that the greatest military power can afford. But why can Merkel afford this nonsense and declare <\/strong>i<strong>n all<\/strong> <strong>seriousness: &#8222;We are only at the beginning of the pandemic&#8220;?<\/strong><\/p>\n\n\n\n<p>Wenn Trump Bl\u00f6dsinn erz\u00e4hlt, und nach den Medienberichten soll er das dauernd tun, machen sich alle Beobachter lustig, w\u00e4hrend die um Trump versammelten,  hochrangigen Mitarbeiter ernst blicken und und nicken, weil sie wissen, dass sie sonst gefeuert werden. Diese Show kann sich die gr\u00f6\u00dfte Milit\u00e4rmacht leisten. Aber warum kann sich Merkel diesen Bl\u00f6dsinn leisten und allen Ernstes erkl\u00e4ren :&#8220;Wir stehen erst am Anfang der Pandemie&#8220;?<\/p>\n\n\n\n<p>Weil dieser Satz nat\u00fcrlich keine medizinisch- wissenscftliche Aussage  sondern ein politisches Statement enth\u00e4lt. Sie will damit sagen, dass die Regierung den Kurs der Disziplinierung und Entrechtung, den Kurs der Unterdr\u00fcckung von abweichenden Meinungen, des Einsatzes der Polizei und der Bundeswehr im Inneren fortsetzen will. Und zwar ohne R\u00fccksicht darauf, dass immer gr\u00f6\u00dfere Teile der Bev\u00f6lkerung den Bluff mit dem Corona- Virus erkennen. Die Medien stehen geschlossen hinter ihr. Sie produzieren Falschmeldungen \u00fcber angebliche Virus- Ausbr\u00fcche am laufenden Band und signalisieren der politischen Klasse, dass sie das Volk im Griff haben. Solange die Regierung den Kurs mit der Maskenpflicht und dem &#8222;social distancing&#8220;  weiter f\u00fchrt, k\u00f6nnen die Medien den Anstieg der Zahl der Arbeitslosen der Ausbreitung des Virus zuordnen. <\/p>\n\n\n\n<p>Allm\u00e4hlich nimmt aber das politische Geschehen groteske Z\u00fcge an:  Obwohl das Virus jetzt, wie von allen seri\u00f6sen Fachleuten, au\u00dfer von dem Wirrkopf aus der Charit\u00e8, vorher gesagt,  vollst\u00e4ndig verschwunden ist, wird bei Fleichverarbeitern, die engen Kontakt zu den Corona- Viren der Schweine und Rinder haben, gro\u00dffl\u00e4chig getestet. Schlie\u00dflich wird  der lock- down f\u00fcr zwei Landkreise verh\u00e4ngt und die Grundrechte werden aufgehoben. Bayern und andere L\u00e4nder nutzen die Situation und verf\u00fcgen Einreisesperren f\u00fcr die Bewohner der Landkreise. Die Bedingung f\u00fcr eine Einreise soll ein negativer PCR- Test sein; das ist medizinisch- wissenschaftlich absoluter Nonsens hat aber den politischen Zweck den Ausnahmezustand zu verl\u00e4ngern.<\/p>\n\n\n\n<p>Die gehobenen Schichten der Gesellschaft, die zahlreiche Ausweichm\u00f6glichkeiten haben, schweigen, w\u00e4hrend der Zorn und der Protest besonders bei \u00c4rzten und Wissenschaftlern, die das b\u00f6se Spiel durchschauen, anschwillt. <\/p>\n\n\n\n<p>So wird die politische Ordnung immer fragw\u00fcrdiger.  Die sozialen Proteste in den USA k\u00f6nnten ein Fanal sein.<\/p>\n\n\n\n<p><\/p>\n\n\n\n<p><\/p>\n\n\n\n<p><\/p>\n","protected":false,"gt_translate_keys":[{"key":"rendered","format":"html"}]},"excerpt":{"rendered":"<p>When Trump says nonsense, and according to the media reports, he&#8217;s supposed to do it all the time, all observers make fun, while the high-ranking employees gathered around Trump look&hellip;<\/p>\n","protected":false,"gt_translate_keys":[{"key":"rendered","format":"html"}]},"author":1,"featured_media":0,"comment_status":"open","ping_status":"open","sticky":false,"template":"","format":"standard","meta":{"footnotes":""},"categories":[11],"tags":[284,385,419,26],"class_list":["post-1554","post","type-post","status-publish","format-standard","hentry","category-politik","tag-arbeitslosigkeit","tag-corona-krise","tag-maskenpflicht","tag-merkel"],"gt_translate_keys":[{"key":"link","format":"url"}],"_links":{"self":[{"href":"https:\/\/andreastriebel.de\/index.php?rest_route=\/wp\/v2\/posts\/1554","targetHints":{"allow":["GET"]}}],"collection":[{"href":"https:\/\/andreastriebel.de\/index.php?rest_route=\/wp\/v2\/posts"}],"about":[{"href":"https:\/\/andreastriebel.de\/index.php?rest_route=\/wp\/v2\/types\/post"}],"author":[{"embeddable":true,"href":"https:\/\/andreastriebel.de\/index.php?rest_route=\/wp\/v2\/users\/1"}],"replies":[{"embeddable":true,"href":"https:\/\/andreastriebel.de\/index.php?rest_route=%2Fwp%2Fv2%2Fcomments&post=1554"}],"version-history":[{"count":12,"href":"https:\/\/andreastriebel.de\/index.php?rest_route=\/wp\/v2\/posts\/1554\/revisions"}],"predecessor-version":[{"id":1607,"href":"https:\/\/andreastriebel.de\/index.php?rest_route=\/wp\/v2\/posts\/1554\/revisions\/1607"}],"wp:attachment":[{"href":"https:\/\/andreastriebel.de\/index.php?rest_route=%2Fwp%2Fv2%2Fmedia&parent=1554"}],"wp:term":[{"taxonomy":"category","embeddable":true,"href":"https:\/\/andreastriebel.de\/index.php?rest_route=%2Fwp%2Fv2%2Fcategories&post=1554"},{"taxonomy":"post_tag","embeddable":true,"href":"https:\/\/andreastriebel.de\/index.php?rest_route=%2Fwp%2Fv2%2Ftags&post=1554"}],"curies":[{"name":"wp","href":"https:\/\/api.w.org\/{rel}","templated":true}]}}