{"id":1589,"date":"2020-07-02T08:57:42","date_gmt":"2020-07-02T06:57:42","guid":{"rendered":"http:\/\/andreastriebel.de\/?p=1589"},"modified":"2020-07-05T20:50:07","modified_gmt":"2020-07-05T18:50:07","slug":"mediziner-und-wissenschaftler-fuer-gesundheit-freiheit-und-demokratie-e-v","status":"publish","type":"post","link":"https:\/\/andreastriebel.de\/?p=1589","title":{"rendered":"Mediziner und Wissenschaftler f\u00fcr Gesundheit, Freiheit und Demokratie e.V.","gt_translate_keys":[{"key":"rendered","format":"text"}]},"content":{"rendered":"\n<p><strong>Aufforderung an die Bundesregierung und alle Landesregierungen<\/strong><\/p>\n\n\n\n<p><strong>Cal<\/strong>l <strong>to the Federal Government and all state governm<\/strong>ents<\/p>\n\n\n\n<p><em>Dear Sirs an<\/em>d Ladies!<\/p>\n\n\n\n<p><em>We hereby request you to avert further damage from the population and to immediately remove all remaining restrictions on fundamental rights without compensation. In particular, we demand an immediate lifting of the medically questionable obligation to wear masks and the unrestricted restoration of the freedom to exercise the profession, including for cinema operators, stand builders, caterers and other people without a lobby who have not been allowed to exercise their professions for a lo<\/em>ng time.<\/p>\n\n\n\n<p>Sehr geehrte Damen und Herren!<\/p>\n\n\n\n<p>Wir fordern Sie hiermit auf, weiteren <strong>Schaden von der Bev\u00f6lkerung abzuwenden und s\u00e4mtliche noch bestehenden Grundrechtsbeschr\u00e4nkungen sofort ersatzlos aufzuheben.<\/strong> Insbesondere fordern wir eine <strong>sofortige Aufhebeung der medizinisch fragw\u00fcrdigen Maskenpflicht und die uneingeschr\u00e4nkte Wiederherstellung der Freiheit der Berufsaus\u00fcbung <\/strong>auch f\u00fcr Kinobetreiber, Messebauer, Caterer und andere Menschen ohne Lobby, die ihre Berufe seit langem nicht mehr aus\u00fcben d\u00fcrfen.<\/p>\n\n\n\n<p>Alle bisherigen wissenschaftlichen Erkenntnisse zeigen, dass das <strong>Coronavirus sozialmedizinisch nicht gef\u00e4hrlicher ist als das Influenzavirus.<\/strong> Dem steht nicht entgegen, dass beide insbesondere bei alten und vorerkrankten Menschen zu ernsthaften Erkrankungen f\u00fchren k\u00f6nnen. Eine <strong>\u00dcberlastungsgefahr f\u00fcr unsere Krankenh\u00e4user hat in Deutschland zu keinem Zeitpunkt<\/strong> bestanden; vielmehr wurde verbreitet Kurzarbeit angeordnet und waren die meisten Kliniken stark unterausgelastet. Eine <strong>Fortgeltung der Beschr\u00e4nkungen widerspr\u00e4che jeder Vernunft. <\/strong>und w\u00fcrde dem wirtschaftlichen Wiederaufbau unseres Landes entgegenstehen. <\/p>\n\n\n\n<p>Die <strong>Festlegung, dass die Epidemie erst nach Verf\u00fcgbarkeit eines Impfstoffes endet<\/strong>, ist absolut nicht hinnehmbar.<\/p>\n\n\n\n<p><strong>Die Epidemie ist bereits zu Ende, weil es keine hohe Anzahl an Erkrankten mehr gibt.<\/strong>  <strong>Impfstoffe <\/strong>sind derzeit <strong>nicht verf\u00fcgbar<\/strong>, und sorgf\u00e4ltige vorklinische und<strong> klinische Studien<\/strong>, die Gefahren f\u00fcr die Bev\u00f6kerung ausschlie\u00dfen, <strong>ben\u00f6tigen viele Jahre.<\/strong> <strong>Auf eine sorgf\u00e4ltige Pr\u00fcfung zu verzichten w\u00e4re unverantwortlich. <\/strong><\/p>\n\n\n\n<p>Prof. Dr. Bhakdi, Prof. Dr. A. Christidis, A. Diemer, D. Folkinger, Prof. Dr. S. Hockertz, Prof. Dr. S. Homburg, Prof. Dr. Kuhbandner, Prof. Dr. W. M\u00fcller, C. Reichl, Prof. Dr. K. Reiss, S. Sommer, Dr. G. Scherz- Willeitner, Dr. B. Schiffmann, S. Spitzenberger, Prof. Dr. H. Walach, Dr. R. Weikl, J. Weng, Dr. W. Wodarg.<\/p>\n\n\n\n<p>zusammen mit \u00fcber 20 000 namentlich bekannten Unterst\u00fctzern aus dem ganzen Bundesgebiet<\/p>\n\n\n\n<p>B\u00fcrger, die unsere Initiative unterst\u00fctzenswert finden, bitten wir um eine Spende an unser unten angegebenes Spendenkonto.<\/p>\n\n\n\n<p>www.mwgfd.de<\/p>\n\n\n\n<p>Spendenkonto: IBAN: DE30 3006 0601 0004 8847 32 <\/p>\n\n\n\n<p><\/p>\n","protected":false,"gt_translate_keys":[{"key":"rendered","format":"html"}]},"excerpt":{"rendered":"<p>Aufforderung an die Bundesregierung und alle Landesregierungen Call to the Federal Government and all state governments Dear Sirs and Ladies! We hereby request you to avert further damage from the&hellip;<\/p>\n","protected":false,"gt_translate_keys":[{"key":"rendered","format":"html"}]},"author":1,"featured_media":0,"comment_status":"open","ping_status":"open","sticky":false,"template":"","format":"standard","meta":{"footnotes":""},"categories":[45,12,11],"tags":[389,431,430,419],"class_list":["post-1589","post","type-post","status-publish","format-standard","hentry","category-gesellschaft","category-medizin","category-politik","tag-corona-virus","tag-epidemie","tag-impfstoff","tag-maskenpflicht"],"gt_translate_keys":[{"key":"link","format":"url"}],"_links":{"self":[{"href":"https:\/\/andreastriebel.de\/index.php?rest_route=\/wp\/v2\/posts\/1589","targetHints":{"allow":["GET"]}}],"collection":[{"href":"https:\/\/andreastriebel.de\/index.php?rest_route=\/wp\/v2\/posts"}],"about":[{"href":"https:\/\/andreastriebel.de\/index.php?rest_route=\/wp\/v2\/types\/post"}],"author":[{"embeddable":true,"href":"https:\/\/andreastriebel.de\/index.php?rest_route=\/wp\/v2\/users\/1"}],"replies":[{"embeddable":true,"href":"https:\/\/andreastriebel.de\/index.php?rest_route=%2Fwp%2Fv2%2Fcomments&post=1589"}],"version-history":[{"count":9,"href":"https:\/\/andreastriebel.de\/index.php?rest_route=\/wp\/v2\/posts\/1589\/revisions"}],"predecessor-version":[{"id":1599,"href":"https:\/\/andreastriebel.de\/index.php?rest_route=\/wp\/v2\/posts\/1589\/revisions\/1599"}],"wp:attachment":[{"href":"https:\/\/andreastriebel.de\/index.php?rest_route=%2Fwp%2Fv2%2Fmedia&parent=1589"}],"wp:term":[{"taxonomy":"category","embeddable":true,"href":"https:\/\/andreastriebel.de\/index.php?rest_route=%2Fwp%2Fv2%2Fcategories&post=1589"},{"taxonomy":"post_tag","embeddable":true,"href":"https:\/\/andreastriebel.de\/index.php?rest_route=%2Fwp%2Fv2%2Ftags&post=1589"}],"curies":[{"name":"wp","href":"https:\/\/api.w.org\/{rel}","templated":true}]}}