{"id":159,"date":"2017-06-04T09:12:05","date_gmt":"2017-06-04T09:12:05","guid":{"rendered":"http:\/\/andreastriebel.de\/?p=159"},"modified":"2017-08-15T17:48:48","modified_gmt":"2017-08-15T17:48:48","slug":"der-afghanistan-krieg-bedroht-auch-die-deutsche-gesellschaft","status":"publish","type":"post","link":"https:\/\/andreastriebel.de\/?p=159","title":{"rendered":"Der Afghanistan- Krieg bedroht auch die deutsche Gesellschaft","gt_translate_keys":[{"key":"rendered","format":"text"}]},"content":{"rendered":"<p>Wer den Krieg nach Afghanistan tr\u00e4gt, muss auch auch die Folgen tragen. Man kann nicht wie Peter\u00a0 Struck gro\u00dfm\u00e4ulig verk\u00fcnden: Deutschland wird am Hindukusch verteidigt, aber f\u00fcr die Zerst\u00f6rung der Sozialsysteme und die Kriegsfl\u00fcchtlinge ist man nicht verantwortlich. Die deutschen Truppen graben \u00a0ja nicht nur Brunnen und bauen M\u00e4dchenschulen; \u00a0das\u00a0wollten uns die\u00a0 Medien weismachen, bis der Baron im Ministeramt sich nicht mehr an die Absprachen hielt und von Krieg sprach.<\/p>\n<p>Und wenn die deutschen Streitkr\u00e4fte die Seewege offen halten und die weltweiten Handelsrouten sch\u00fctzen m\u00fcssen, wie weiland K\u00f6hler feststellte, wird es auch nicht nur bei zwei Prozent der R\u00fcstungsausgaben bleiben. Sein Nachfolger im Pr\u00e4sidentenamt\u00a0sagte dasselbe, dr\u00fcckte sich aber geschickter aus und wurde daf\u00fcr beklatscht. Von einem ehemaligen Pastor und Widerstandsk\u00e4mpfer h\u00f6rt man so etwas auch lieber, besonders, wenn die Folgekosten der Kriege unerw\u00e4hnt bleiben.<\/p>\n<p>Die Journalisten, die jetzt \u00fcber die Polizisten, die den jungen Afghanen aus der Schule heraus geholt haben und \u00fcber den Innenminister, der verantwortlich ist, herfallen, sind aber verdammte Heuchler. Es soll nur keine unangenehmen Bilder geben. Und der zwanzigj\u00e4hrige Junge h\u00e4tte doch schon so gut Deutsch gelernt und sei so angepasst gewesen. Gibt es denn nicht hunderte Millionen Fl\u00fcchtlinge, die gern hier die deutsche Sprache lernen w\u00fcrden.\u00a0 Und viele von ihnen beherrschen sie\u00a0 inzwischen sogar besser als manche deutsche Staatsb\u00fcrger. Den Innenminister bei dieser Gelegenheit an die Notwendigkeit seiner Wiederwahl zu erinnern, ist perfide.<\/p>\n","protected":false,"gt_translate_keys":[{"key":"rendered","format":"html"}]},"excerpt":{"rendered":"<p>Wer den Krieg nach Afghanistan tr\u00e4gt, muss auch auch die Folgen tragen. Man kann nicht wie Peter\u00a0 Struck gro\u00dfm\u00e4ulig verk\u00fcnden: Deutschland wird am Hindukusch verteidigt, aber f\u00fcr die Zerst\u00f6rung der&hellip;<\/p>\n","protected":false,"gt_translate_keys":[{"key":"rendered","format":"html"}]},"author":1,"featured_media":0,"comment_status":"open","ping_status":"open","sticky":false,"template":"","format":"standard","meta":{"footnotes":""},"categories":[45,11],"tags":[73,121],"class_list":["post-159","post","type-post","status-publish","format-standard","hentry","category-gesellschaft","category-politik","tag-afghanistan","tag-hindukusch"],"gt_translate_keys":[{"key":"link","format":"url"}],"_links":{"self":[{"href":"https:\/\/andreastriebel.de\/index.php?rest_route=\/wp\/v2\/posts\/159","targetHints":{"allow":["GET"]}}],"collection":[{"href":"https:\/\/andreastriebel.de\/index.php?rest_route=\/wp\/v2\/posts"}],"about":[{"href":"https:\/\/andreastriebel.de\/index.php?rest_route=\/wp\/v2\/types\/post"}],"author":[{"embeddable":true,"href":"https:\/\/andreastriebel.de\/index.php?rest_route=\/wp\/v2\/users\/1"}],"replies":[{"embeddable":true,"href":"https:\/\/andreastriebel.de\/index.php?rest_route=%2Fwp%2Fv2%2Fcomments&post=159"}],"version-history":[{"count":5,"href":"https:\/\/andreastriebel.de\/index.php?rest_route=\/wp\/v2\/posts\/159\/revisions"}],"predecessor-version":[{"id":251,"href":"https:\/\/andreastriebel.de\/index.php?rest_route=\/wp\/v2\/posts\/159\/revisions\/251"}],"wp:attachment":[{"href":"https:\/\/andreastriebel.de\/index.php?rest_route=%2Fwp%2Fv2%2Fmedia&parent=159"}],"wp:term":[{"taxonomy":"category","embeddable":true,"href":"https:\/\/andreastriebel.de\/index.php?rest_route=%2Fwp%2Fv2%2Fcategories&post=159"},{"taxonomy":"post_tag","embeddable":true,"href":"https:\/\/andreastriebel.de\/index.php?rest_route=%2Fwp%2Fv2%2Ftags&post=159"}],"curies":[{"name":"wp","href":"https:\/\/api.w.org\/{rel}","templated":true}]}}