{"id":1623,"date":"2020-07-19T10:44:34","date_gmt":"2020-07-19T08:44:34","guid":{"rendered":"http:\/\/andreastriebel.de\/?p=1623"},"modified":"2020-07-21T21:04:53","modified_gmt":"2020-07-21T19:04:53","slug":"wie-die-zeugen-jehovas","status":"publish","type":"post","link":"https:\/\/andreastriebel.de\/?p=1623","title":{"rendered":"Wie die Zeugen Jehovas","gt_translate_keys":[{"key":"rendered","format":"text"}]},"content":{"rendered":"\n<p><strong>The aluminium hat wearers (wearers of aluminium hats) in the editorial offices of &#8222;Spiegel&#8220;, &#8222;FAZ&#8220; and &#8222;S\u00fcddeutsche&#8220; are firmly convinced that the &#8222;pande<\/strong>mic&#8220; <strong>is not yet over.<\/strong><\/p>\n\n\n\n<p>Die Aluhuttr\u00e4ger (Tr\u00e4ger von H\u00fcten aus Aluminium) in den Redaktionen von &#8222;Spiegel&#8220;, &#8222;FAZ&#8220; und &#8222;S\u00fcddeutsche&#8220; geben sich fest davon \u00fcberzeugt, da\u00df die &#8222;Pandemie&#8220; noch nicht vorbei sei.<\/p>\n\n\n\n<p>Das Feiern der Menschen sei ohne Sinn und Verstand, wie k\u00f6nne man nur ohne Mindestabstand und ohne Atemmaske feiern! Die Maske w\u00fcrde doch das Infektionsgeschehen verlangsamen und uns daran erinnern, dass da noch etwas ist.  Mit Fakten k\u00f6nne man nicht an gef\u00fchlte Gefahreneinsch\u00e4tzungen r\u00fchren, Aufkl\u00e4rung reiche nicht, dazu w\u00fcrden zu viele psychologische Fakten wirken.<\/p>\n\n\n\n<p>Damit haben die Journalisten recht: Sie selbst ignorieren das Faktum, dass das Virus verschwunden ist ebenso hartn\u00e4ckig wie Glaubensgemeinschaften, die vom Ende der Welt \u00fcberzeugt sind. Mit Fakten kann man da nichts erreichen. Dann w\u00fcrde ihr Weltbild zusammen st\u00fcrzen. Das alles nur, weil eine relativ harmlose Grippeepidemie abgelaufen ist, das kann doch nicht sein! <\/p>\n\n\n\n<p>Die Faktenresistenz in den Redaktionen ist betr\u00e4chtlich. Aber wie soll man auch in Fragen des Glaubens mit Argumenten weiter kommen? Giordano Bruno hat es versucht, Prof. Homburg, Prof.  Bhakdi und diverse andere sollen wohl ein \u00e4hnliches Schicksal erleiden?<\/p>\n","protected":false,"gt_translate_keys":[{"key":"rendered","format":"html"}]},"excerpt":{"rendered":"<p>The aluminium hat wearers (wearers of aluminium hats) in the editorial offices of &#8222;Spiegel&#8220;, &#8222;FAZ&#8220; and &#8222;S\u00fcddeutsche&#8220; are firmly convinced that the &#8222;pandemic&#8220; is not yet over. Die Aluhuttr\u00e4ger (Tr\u00e4ger&hellip;<\/p>\n","protected":false,"gt_translate_keys":[{"key":"rendered","format":"html"}]},"author":1,"featured_media":0,"comment_status":"open","ping_status":"open","sticky":false,"template":"","format":"standard","meta":{"footnotes":""},"categories":[45,11],"tags":[434,435,385],"class_list":["post-1623","post","type-post","status-publish","format-standard","hentry","category-gesellschaft","category-politik","tag-aluhuttraeger","tag-atemmaske","tag-corona-krise"],"gt_translate_keys":[{"key":"link","format":"url"}],"_links":{"self":[{"href":"https:\/\/andreastriebel.de\/index.php?rest_route=\/wp\/v2\/posts\/1623","targetHints":{"allow":["GET"]}}],"collection":[{"href":"https:\/\/andreastriebel.de\/index.php?rest_route=\/wp\/v2\/posts"}],"about":[{"href":"https:\/\/andreastriebel.de\/index.php?rest_route=\/wp\/v2\/types\/post"}],"author":[{"embeddable":true,"href":"https:\/\/andreastriebel.de\/index.php?rest_route=\/wp\/v2\/users\/1"}],"replies":[{"embeddable":true,"href":"https:\/\/andreastriebel.de\/index.php?rest_route=%2Fwp%2Fv2%2Fcomments&post=1623"}],"version-history":[{"count":3,"href":"https:\/\/andreastriebel.de\/index.php?rest_route=\/wp\/v2\/posts\/1623\/revisions"}],"predecessor-version":[{"id":1626,"href":"https:\/\/andreastriebel.de\/index.php?rest_route=\/wp\/v2\/posts\/1623\/revisions\/1626"}],"wp:attachment":[{"href":"https:\/\/andreastriebel.de\/index.php?rest_route=%2Fwp%2Fv2%2Fmedia&parent=1623"}],"wp:term":[{"taxonomy":"category","embeddable":true,"href":"https:\/\/andreastriebel.de\/index.php?rest_route=%2Fwp%2Fv2%2Fcategories&post=1623"},{"taxonomy":"post_tag","embeddable":true,"href":"https:\/\/andreastriebel.de\/index.php?rest_route=%2Fwp%2Fv2%2Ftags&post=1623"}],"curies":[{"name":"wp","href":"https:\/\/api.w.org\/{rel}","templated":true}]}}