{"id":1632,"date":"2020-07-23T07:34:30","date_gmt":"2020-07-23T05:34:30","guid":{"rendered":"http:\/\/andreastriebel.de\/?p=1632"},"modified":"2020-07-23T07:34:30","modified_gmt":"2020-07-23T05:34:30","slug":"mediziner-und-wissenschaftler-zu-covid-19","status":"publish","type":"post","link":"https:\/\/andreastriebel.de\/?p=1632","title":{"rendered":"Mediziner und Wissenschaftler zu Covid-19","gt_translate_keys":[{"key":"rendered","format":"text"}]},"content":{"rendered":"\n<p><strong>According to the results of all studies published to date, &#8222;Covid-19&#8220; is classified as similarly &#8222;dangerous&#8220; as a normal flu with influenza viruses&#8230;<\/strong><\/p>\n\n\n\n<p>&#8222;<strong>Covid-19&#8243; ist nach den Ergebnissen aller bisher ver\u00f6ffentlichten Studien als \u00e4hnlich &#8222;gef\u00e4hrlich&#8220; wie eine normale Grippe mit Influenzaviren einzustufen<\/strong><\/p>\n\n\n\n<p>Der sogenannte Lockdown mit all seinen gravierenden Folgen f\u00fcr die Wirtschaft, das soziale Leben und auch die Gesundheit von Menschen (Herz- Kreislauf- Erkrankungen, Lungenerkrankungen, fortgeschrittene Krebserkrankungen) h\u00e4tte durch g\u00e4ngige Einzelma\u00dfnahmen, wie z.B. Isolation auf freiwilliger Basis, gesch\u00fctzt werden k\u00f6nnen.<\/p>\n\n\n\n<p>Epidemien bzw. Pandemien, verursacht durch sich schnell verbreitende Viren, haben in der Regel nur einen Erkrankungsgipfel. Nach der einhelligen Meinung ma\u00dfgeblicher Experten ist dieser Gipfel bei Covid-19 l\u00e4ngst \u00fcberschritten: die Epidemie ist abgeebbt und ohne besondere Ma\u00dfnahmen zu Ende gegangen. Hervor zu heben ist die Tatsache, dass der Lockdown in Deutschland zu einem Zeitpunkt (Ende M\u00e4rz) verh\u00e4ngt wurde, als der Gipfel der Epidemie (Anfang\/ Mitte M\u00e4rz) bereits \u00fcberschritten war- also zu sp\u00e4t, um \u00fcberhaupt einen Einfluss auf die abebbende Infektionswelle auszu\u00fcben.<\/p>\n\n\n\n<p>Impfungen sind im Fall von Covid-19 aus zwei Gr\u00fcnden nicht indiziert. Erstens ist das Virus &#8222;nicht gef\u00e4hrlich genug&#8220;, um die aufwendige Herstellung eines Impfstoffs zu rechtfertigen, der seinerseits nicht ohne Nebenwirkungen sein wird. Zweitens unterliegen Corona- Viren einem stetigen Wandel. Impfung gegen Covid-19 f\u00fchrt nicht automatisch zum Schutz gegen die n\u00e4chste Corona- Virus- Variante, die jeder Zeit entstehen kann und wird.<\/p>\n\n\n\n<p>Die \u00dcberlegungen von Corona &#8222;Impfzwang&#8220; oder &#8222;Impfpflicht&#8220; sind erscheckend laienhaft und wissenschaftlich v\u00f6llig unbegr\u00fcndet. Sie sind entschlossen abzulehnen.<\/p>\n\n\n\n<p>Das verordnete Tragen von Mund- bzw. Gesichtsschutz im \u00f6ffentlichen Raum ist aus medizinischen und wissenschaftlichen Gr\u00fcnden, weder notwendig  noch sinnvoll. Selbst die WHO lehnt diese Ma\u00dfnahme ab. Das Tragen einer Gesichtsmaske ist hier allenfalls bei einer gerade durch Atemwegsviren erkrankten Person zum Schutz der Mitmenschen sinnvoll.<\/p>\n\n\n\n<p>Aus den genannten Gr\u00fcnden ist die sofortige Aufhebung des Lockdowns und der damit einher gehenden Ma\u00dfnahmen zu fordern.<\/p>\n\n\n\n<p><a href=\"http:\/\/www.mwgfd.de\">www.mwgfd.de<\/a><\/p>\n\n\n\n<p><\/p>\n\n\n\n<p> <\/p>\n\n\n\n<p><\/p>\n","protected":false,"gt_translate_keys":[{"key":"rendered","format":"html"}]},"excerpt":{"rendered":"<p>According to the results of all studies published to date, &#8222;Covid-19&#8220; is classified as similarly &#8222;dangerous&#8220; as a normal flu with influenza viruses&#8230; &#8222;Covid-19&#8243; ist nach den Ergebnissen aller bisher&hellip;<\/p>\n","protected":false,"gt_translate_keys":[{"key":"rendered","format":"html"}]},"author":1,"featured_media":0,"comment_status":"open","ping_status":"open","sticky":false,"template":"","format":"standard","meta":{"footnotes":""},"categories":[45,12,11],"tags":[389,401,433,438,437,407],"class_list":["post-1632","post","type-post","status-publish","format-standard","hentry","category-gesellschaft","category-medizin","category-politik","tag-corona-virus","tag-covid-19-2","tag-influenza","tag-lockdown","tag-mundschutz","tag-pandemie"],"gt_translate_keys":[{"key":"link","format":"url"}],"_links":{"self":[{"href":"https:\/\/andreastriebel.de\/index.php?rest_route=\/wp\/v2\/posts\/1632","targetHints":{"allow":["GET"]}}],"collection":[{"href":"https:\/\/andreastriebel.de\/index.php?rest_route=\/wp\/v2\/posts"}],"about":[{"href":"https:\/\/andreastriebel.de\/index.php?rest_route=\/wp\/v2\/types\/post"}],"author":[{"embeddable":true,"href":"https:\/\/andreastriebel.de\/index.php?rest_route=\/wp\/v2\/users\/1"}],"replies":[{"embeddable":true,"href":"https:\/\/andreastriebel.de\/index.php?rest_route=%2Fwp%2Fv2%2Fcomments&post=1632"}],"version-history":[{"count":12,"href":"https:\/\/andreastriebel.de\/index.php?rest_route=\/wp\/v2\/posts\/1632\/revisions"}],"predecessor-version":[{"id":1645,"href":"https:\/\/andreastriebel.de\/index.php?rest_route=\/wp\/v2\/posts\/1632\/revisions\/1645"}],"wp:attachment":[{"href":"https:\/\/andreastriebel.de\/index.php?rest_route=%2Fwp%2Fv2%2Fmedia&parent=1632"}],"wp:term":[{"taxonomy":"category","embeddable":true,"href":"https:\/\/andreastriebel.de\/index.php?rest_route=%2Fwp%2Fv2%2Fcategories&post=1632"},{"taxonomy":"post_tag","embeddable":true,"href":"https:\/\/andreastriebel.de\/index.php?rest_route=%2Fwp%2Fv2%2Ftags&post=1632"}],"curies":[{"name":"wp","href":"https:\/\/api.w.org\/{rel}","templated":true}]}}