{"id":1747,"date":"2020-08-13T08:24:01","date_gmt":"2020-08-13T06:24:01","guid":{"rendered":"http:\/\/andreastriebel.de\/?p=1747"},"modified":"2020-08-15T20:45:56","modified_gmt":"2020-08-15T18:45:56","slug":"koennen-immunitaetsleugner-linke-sein","status":"publish","type":"post","link":"https:\/\/andreastriebel.de\/?p=1747","title":{"rendered":"K\u00f6nnen Immunit\u00e4tsleugner Linke sein?","gt_translate_keys":[{"key":"rendered","format":"text"}]},"content":{"rendered":"\n<p>A<em>lthough eighty to ninety percent of Germans are immune to Covid-19 or live in peaceful coexistence with the corona viruses, the media and government continue to speak of the danger posed by the virus. Public figures who used to be described as left-wing or oppositional, i.e. before the Corona crisis, are in part fanatical supporters of the government&#8217;s course. They remain silent or even approve of the political class&#8217;s agitation against &#8222;conspiracy theorists, Corona deniers&#8220;.<\/em>&#8230;<\/p>\n\n\n\n<p><strong>Obwohl achtzig bis neunzig Prozent der Deutschen immun gegen Covid-19 oder in friedlicher Koexistenz mit den Corona- Viren leben, sprechen Medien und Regierung unver\u00e4ndert von der Gefahr, die von dem Virus ausgehen w\u00fcrde. Pers\u00f6nlichkeiten des \u00f6ffentlichen Lebens, die man fr\u00fcher, d.h. vor der Corona- Krise, als links oder oppositionell bezeichnet hat, sind zum Teil fanatische Bef\u00fcrworter des Regierungskurses. Zu der Hetze der politischen Klasse gegen &#8222;Verschw\u00f6rungstheoretiker, Corona- Leugner&#8220; schweigen sie oder billigen sie sogar.<\/strong><\/p>\n\n\n\n<p>Aus dem Lager, das man fr\u00fcher als liberal bzw. aufgekl\u00e4rt bezeichnet hat, kommen sogar Aufrufe zur Gewalt gegen Testverweigerer wie k\u00fcrzlich in der &#8222;S\u00fcddeutschen&#8220;. Ein K\u00f6lner Musiker hat sich als vollkommen verblendet erwiesen, ein Juso- Vorsitzender bietet den erzreaktion\u00e4ren Scholz als Ausweg aus der Krise der Sozialdemokratie an. Hatten diese Leute jemals das Etikett &#8222;links&#8220; verdient?  Nein, das war nur eine Mode, der sie hinterher gelaufen sind. Wo war denn ihre Stimme, als die osteurop\u00e4ischen Arbeiter in den Fleischfabriken und Erntebetrieben verfolgt und diskriminiert wurden? Rassismus in den USA anklagen, aber hier dulden, das soll links sein?<\/p>\n\n\n\n<p>Pflegebed\u00fcrftige, alte Menschen werden weiter eingesperrt, isoliert und schlecht versorgt und die Pflegekr\u00e4fte erhalten Minil\u00f6hne. Weiter sterben Menschen am Schlaganfall oder am Herzinfarkt, weil Intensivpl\u00e4tze in den Krankenh\u00e4usern nicht belegt  werden d\u00fcrfen. Weiter bringen die Medien absurde Zahlen und Statistiken, an die sie selbst nicht mehr glauben. ( Oder haben sie jemals daran geglaubt? ) Schulkinder werden zu Maskierung gezwungen und Familien in unertr\u00e4glicher Weise schikaniert. \u00d6ffentliche Aufrufe zur Denunziation werden gebilligt. Demonstrationen werden mit Polizeigewalt abgebrochen, Rechtswege sind versperrt. Beh\u00f6rden bedrohen Familien mit der &#8222;Herausnahme&#8220; von Kindern. Und angeblich &#8222;Linke&#8220; schweigen zu der schleichenden Faschisierung des \u00f6ffentlichen Lebens, was hat das mit links zu tun?<\/p>\n\n\n\n<p>Wenn der Eine oder die Andere, wie z.B. S. Wagenknecht, sich aus lauter Angst auf dem Irrweg befindet, kann man Verst\u00e4ndnis haben, die Staatspropaganda ist eben \u00fcberm\u00e4chtig. Auf jeden Fall ist ein aufrechter Konservativer (Prof. Homburg) sympathischer als ein opportunistischer &#8222;Linker&#8220;.<\/p>\n\n\n\n<p><a href=\"https:\/\/www.rubikon.news\/artikel\/die-salonlinken\">https:\/\/www.rubikon.news\/artikel\/die-salonlinken<\/a><\/p>\n","protected":false,"gt_translate_keys":[{"key":"rendered","format":"html"}]},"excerpt":{"rendered":"<p>Although eighty to ninety percent of Germans are immune to Covid-19 or live in peaceful coexistence with the corona viruses, the media and government continue to speak of the danger&hellip;<\/p>\n","protected":false,"gt_translate_keys":[{"key":"rendered","format":"html"}]},"author":1,"featured_media":0,"comment_status":"open","ping_status":"open","sticky":false,"template":"","format":"standard","meta":{"footnotes":""},"categories":[45,11],"tags":[385,401,451],"class_list":["post-1747","post","type-post","status-publish","format-standard","hentry","category-gesellschaft","category-politik","tag-corona-krise","tag-covid-19-2","tag-immunitaet"],"gt_translate_keys":[{"key":"link","format":"url"}],"_links":{"self":[{"href":"https:\/\/andreastriebel.de\/index.php?rest_route=\/wp\/v2\/posts\/1747","targetHints":{"allow":["GET"]}}],"collection":[{"href":"https:\/\/andreastriebel.de\/index.php?rest_route=\/wp\/v2\/posts"}],"about":[{"href":"https:\/\/andreastriebel.de\/index.php?rest_route=\/wp\/v2\/types\/post"}],"author":[{"embeddable":true,"href":"https:\/\/andreastriebel.de\/index.php?rest_route=\/wp\/v2\/users\/1"}],"replies":[{"embeddable":true,"href":"https:\/\/andreastriebel.de\/index.php?rest_route=%2Fwp%2Fv2%2Fcomments&post=1747"}],"version-history":[{"count":6,"href":"https:\/\/andreastriebel.de\/index.php?rest_route=\/wp\/v2\/posts\/1747\/revisions"}],"predecessor-version":[{"id":1753,"href":"https:\/\/andreastriebel.de\/index.php?rest_route=\/wp\/v2\/posts\/1747\/revisions\/1753"}],"wp:attachment":[{"href":"https:\/\/andreastriebel.de\/index.php?rest_route=%2Fwp%2Fv2%2Fmedia&parent=1747"}],"wp:term":[{"taxonomy":"category","embeddable":true,"href":"https:\/\/andreastriebel.de\/index.php?rest_route=%2Fwp%2Fv2%2Fcategories&post=1747"},{"taxonomy":"post_tag","embeddable":true,"href":"https:\/\/andreastriebel.de\/index.php?rest_route=%2Fwp%2Fv2%2Ftags&post=1747"}],"curies":[{"name":"wp","href":"https:\/\/api.w.org\/{rel}","templated":true}]}}