{"id":18,"date":"2016-04-04T10:38:27","date_gmt":"2016-04-04T10:38:27","guid":{"rendered":"http:\/\/andreastriebel.de\/?p=18"},"modified":"2017-06-28T19:31:58","modified_gmt":"2017-06-28T19:31:58","slug":"unsere-kapitalistische-gesellschaftsordnung-steht-zur-debatte","status":"publish","type":"post","link":"https:\/\/andreastriebel.de\/?p=18","title":{"rendered":"Unsere kapitalistische Gesellschaftsordnung steht zur Debatte","gt_translate_keys":[{"key":"rendered","format":"text"}]},"content":{"rendered":"<p>Die reichen Nordl\u00e4nder k\u00f6nnen die aufbegehrenden Unterschichten und unteren Mittelschichten mit Verweis auf Griechenland ruhig halten, den Kita- Mitarbeitern k\u00f6nnen Mini- Lohnerh\u00f6hungen angeboten werden, und Piloten und Lokf\u00fchrer m\u00fcssen seit zehn Jahren mit der gleichen Kaufkraft auskommen. Und Italienern und Franzosen kann die Armutsspirale in Spanien und Portugal vorgehalten werden: also weiter mit dem Auseinanderdriften von h\u00f6chsten und niedrigsten Einkommen. Das ist die Rationale des scheinbaren politischen Chaos. J\u00fcrgen Habermas benennt zwar die Folgen des Wirtschaftens nach der herrschenden Wirtschaftsdoktrin, will sie aber durch \u00dcberwindung eines politischen Defizits mildern und fordert eine gemeinsame politische Willensbildung der B\u00fcrger Europas. Er lenkt damit aber vom Wesen des kapitalistischen Wirtschaftens ab; dazu geh\u00f6rt die zunehmende Spaltung in Arm und Reich und die damit korrespondierende Spaltung in arme und reiche Nationen. Er sch\u00fcrt die Illusion, dass ein einfacher Wechsel von Sparpolitik zu &#8222;deficit- spending&#8220; eine L\u00f6sung w\u00e4re und dass diese auf politischem Wege herbeigef\u00fchrt werden k\u00f6nnte. Keynes ist aber nur ein anderes Gesicht der kapitalistischen Gesellschaftsordnung. Die Untauglichkeit dieses Rezeptes wird schon offenbar, wenn es auf internationaler Ebene mit ungleichzeitigen nationalen Entwicklungen angewandt werden soll. Unsere Gesellschaftsordnung infrage zu stellen, wagt Habermas nicht.<\/p>\n","protected":false,"gt_translate_keys":[{"key":"rendered","format":"html"}]},"excerpt":{"rendered":"<p>Die reichen Nordl\u00e4nder k\u00f6nnen die aufbegehrenden Unterschichten und unteren Mittelschichten mit Verweis auf Griechenland ruhig halten, den Kita- Mitarbeitern k\u00f6nnen Mini- Lohnerh\u00f6hungen angeboten werden, und Piloten und Lokf\u00fchrer m\u00fcssen seit&hellip;<\/p>\n","protected":false,"gt_translate_keys":[{"key":"rendered","format":"html"}]},"author":1,"featured_media":0,"comment_status":"open","ping_status":"open","sticky":false,"template":"","format":"standard","meta":{"footnotes":""},"categories":[11,1,13],"tags":[22,21],"class_list":["post-18","post","type-post","status-publish","format-standard","hentry","category-politik","category-uncategorized","category-wirtschaft","tag-gesellschaftsordnung","tag-juergen-habermas"],"gt_translate_keys":[{"key":"link","format":"url"}],"_links":{"self":[{"href":"https:\/\/andreastriebel.de\/index.php?rest_route=\/wp\/v2\/posts\/18","targetHints":{"allow":["GET"]}}],"collection":[{"href":"https:\/\/andreastriebel.de\/index.php?rest_route=\/wp\/v2\/posts"}],"about":[{"href":"https:\/\/andreastriebel.de\/index.php?rest_route=\/wp\/v2\/types\/post"}],"author":[{"embeddable":true,"href":"https:\/\/andreastriebel.de\/index.php?rest_route=\/wp\/v2\/users\/1"}],"replies":[{"embeddable":true,"href":"https:\/\/andreastriebel.de\/index.php?rest_route=%2Fwp%2Fv2%2Fcomments&post=18"}],"version-history":[{"count":3,"href":"https:\/\/andreastriebel.de\/index.php?rest_route=\/wp\/v2\/posts\/18\/revisions"}],"predecessor-version":[{"id":242,"href":"https:\/\/andreastriebel.de\/index.php?rest_route=\/wp\/v2\/posts\/18\/revisions\/242"}],"wp:attachment":[{"href":"https:\/\/andreastriebel.de\/index.php?rest_route=%2Fwp%2Fv2%2Fmedia&parent=18"}],"wp:term":[{"taxonomy":"category","embeddable":true,"href":"https:\/\/andreastriebel.de\/index.php?rest_route=%2Fwp%2Fv2%2Fcategories&post=18"},{"taxonomy":"post_tag","embeddable":true,"href":"https:\/\/andreastriebel.de\/index.php?rest_route=%2Fwp%2Fv2%2Ftags&post=18"}],"curies":[{"name":"wp","href":"https:\/\/api.w.org\/{rel}","templated":true}]}}