{"id":1821,"date":"2020-09-01T07:32:42","date_gmt":"2020-09-01T05:32:42","guid":{"rendered":"http:\/\/andreastriebel.de\/?p=1821"},"modified":"2020-09-16T20:56:17","modified_gmt":"2020-09-16T18:56:17","slug":"das-virus-ist-ein-saisonales-virus","status":"publish","type":"post","link":"https:\/\/andreastriebel.de\/?p=1821","title":{"rendered":"Das Virus ist ein saisonales Virus","gt_translate_keys":[{"key":"rendered","format":"text"}]},"content":{"rendered":"\n<p>C<em>orona- viruses have their season. It begins at the end of November, beginning of December and ends in March at the latest. Or there are still offshoots in April&#8230;.<\/em><\/p>\n\n\n\n<p><strong>Corona- Viren haben ihre Saison. Diese beginnt Ende November, Anfang Dezember und endet sp\u00e4testens im M\u00e4rz. Oder es sind im April noch Ausl\u00e4ufer zu verzeichnen<\/strong><\/p>\n\n\n\n<p>Zur Zeit haben die Rhino- Viren ihre hohe Zeit. Diese befallen die Nebenh\u00f6hlen des Kopfes und rufen Entz\u00fcndungen und Schnupfen hervor. Sie dringen nicht wie die Atemwegsviren in die tiefen Atemwege vor.<\/p>\n\n\n\n<p>Atemwegsinfektionen durch Corona- oder auch andere Viren kommen seit dem 14.05. nicht mehr vor. Alle Teste, die das Vorkommen von Viren messen, haben eine Fehlerquote von ungef\u00e4hr 1,5 Prozent d.h., dass sie in dieser Gr\u00f6\u00dfenordnung ein falsch positives Ergebnis anzeigen.<\/p>\n\n\n\n<p>Und selbst, wenn sie einmal wirklich ein Virus oder das Bruchst\u00fcck eines Virus anzeigen, ist der Mensch nicht krank und nicht ansteckend. Und im \u00e4u\u00dferst seltenen Fall, in dem der Mensch erkrankt, entwickelt er Antik\u00f6rper.<\/p>\n\n\n\n<p>85 Prozent der deutschen Bev\u00f6lkerung  haben eine Immunit\u00e4t, die sofort bei Kontakt einsetzt.. Sie beruht auf fr\u00fcheren Kontakten mit Corona- Viren z.B. bei Haustieren. Diesen Vorgang nennt man Kreuzimmunit\u00e4t. Die Immunit\u00e4tsleugner in Presse und Fernsehen verschweigen diese Tatsache hartn\u00e4ckig.<\/p>\n\n\n\n<p>Weitere f\u00fcnfzehn Prozent haben Antik\u00f6rper entwickelt. Das ist der Grund, aus dem schon seit l\u00e4ngerer Zeit keine Erkrankungen mehr zu verzeichnen sind. Mit etwas Zeitverschiebung ist das auf der ganzen Welt zu beobachten.<\/p>\n\n\n\n<p>Sollten im n\u00e4chsten Herbst bzw Winter die Influenza- Viren und nicht die Corona- Viren im Vordergrund stehen, ist mit gr\u00f6\u00dferen Opferzahlen zu rechnen als mit dem relativ milden Corona- Virus.<\/p>\n\n\n\n<figure class=\"wp-block-embed-wordpress wp-block-embed is-type-wp-embed is-provider-geld-und-mehr\"><div class=\"wp-block-embed__wrapper\">\n<blockquote class=\"wp-embedded-content\" data-secret=\"31ryltrb51\"><a href=\"https:\/\/norberthaering.de\/macht-kontrolle\/schreyer-pandemie\/\">Die Pandemie, die nicht enden darf<\/a><\/blockquote><iframe loading=\"lazy\" class=\"wp-embedded-content\" sandbox=\"allow-scripts\" security=\"restricted\" style=\"position: absolute; clip: rect(1px, 1px, 1px, 1px);\" title=\"&#8222;Die Pandemie, die nicht enden darf&#8220; &#8212; Geld und mehr\" src=\"https:\/\/norberthaering.de\/macht-kontrolle\/schreyer-pandemie\/embed\/#?secret=6LtYMPaU7S#?secret=31ryltrb51\" data-secret=\"31ryltrb51\" width=\"317\" height=\"200\" frameborder=\"0\" marginwidth=\"0\" marginheight=\"0\" scrolling=\"no\"><\/iframe>\n<\/div><\/figure>\n","protected":false,"gt_translate_keys":[{"key":"rendered","format":"html"}]},"excerpt":{"rendered":"<p>Corona- viruses have their season. It begins at the end of November, beginning of December and ends in March at the latest. Or there are still offshoots in April&#8230;. Corona-&hellip;<\/p>\n","protected":false,"gt_translate_keys":[{"key":"rendered","format":"html"}]},"author":1,"featured_media":0,"comment_status":"open","ping_status":"open","sticky":false,"template":"","format":"standard","meta":{"footnotes":""},"categories":[45,12],"tags":[462,463,389,451,455],"class_list":["post-1821","post","type-post","status-publish","format-standard","hentry","category-gesellschaft","category-medizin","tag-antikoerper","tag-atemwegsinfektionen","tag-corona-virus","tag-immunitaet","tag-immunitaetsleugner"],"gt_translate_keys":[{"key":"link","format":"url"}],"_links":{"self":[{"href":"https:\/\/andreastriebel.de\/index.php?rest_route=\/wp\/v2\/posts\/1821","targetHints":{"allow":["GET"]}}],"collection":[{"href":"https:\/\/andreastriebel.de\/index.php?rest_route=\/wp\/v2\/posts"}],"about":[{"href":"https:\/\/andreastriebel.de\/index.php?rest_route=\/wp\/v2\/types\/post"}],"author":[{"embeddable":true,"href":"https:\/\/andreastriebel.de\/index.php?rest_route=\/wp\/v2\/users\/1"}],"replies":[{"embeddable":true,"href":"https:\/\/andreastriebel.de\/index.php?rest_route=%2Fwp%2Fv2%2Fcomments&post=1821"}],"version-history":[{"count":4,"href":"https:\/\/andreastriebel.de\/index.php?rest_route=\/wp\/v2\/posts\/1821\/revisions"}],"predecessor-version":[{"id":1858,"href":"https:\/\/andreastriebel.de\/index.php?rest_route=\/wp\/v2\/posts\/1821\/revisions\/1858"}],"wp:attachment":[{"href":"https:\/\/andreastriebel.de\/index.php?rest_route=%2Fwp%2Fv2%2Fmedia&parent=1821"}],"wp:term":[{"taxonomy":"category","embeddable":true,"href":"https:\/\/andreastriebel.de\/index.php?rest_route=%2Fwp%2Fv2%2Fcategories&post=1821"},{"taxonomy":"post_tag","embeddable":true,"href":"https:\/\/andreastriebel.de\/index.php?rest_route=%2Fwp%2Fv2%2Ftags&post=1821"}],"curies":[{"name":"wp","href":"https:\/\/api.w.org\/{rel}","templated":true}]}}