{"id":1825,"date":"2020-09-01T19:36:21","date_gmt":"2020-09-01T17:36:21","guid":{"rendered":"http:\/\/andreastriebel.de\/?p=1825"},"modified":"2020-09-01T19:36:21","modified_gmt":"2020-09-01T17:36:21","slug":"theaterauffuehrung-vor-dem-bundestag","status":"publish","type":"post","link":"https:\/\/andreastriebel.de\/?p=1825","title":{"rendered":"Theaterauff\u00fchrung vor dem Bundestag","gt_translate_keys":[{"key":"rendered","format":"text"}]},"content":{"rendered":"\n<p><em>Some government critics ran up the stairs to the entrance with their flags on the weekend to pose for photos. But this happening lasted only briefly; three policemen refused them a stay. Afterwards, helmet-mounted storm troopers of the Senator of the Interior were deployed for official photos to exaggerate the incident. This was enough to give politicians a far greater spectacle of hypocrisy: the honorable leaders of the state could not get enough with the presentation of their disgust.<\/em>&#8230;<\/p>\n\n\n\n<p><strong>Einige Regierungskritiker liefen am Wochenende mit ihren Fahnen die Treppen zum Eingang hinauf, um f\u00fcr Fotos zu posieren. Dieses Happening w\u00e4hrte aber nur kuz; drei Polizisten verwehrten ihnen den Aufenthalt. Anschlie\u00dfend wurden f\u00fcr offizielle Aufnahmen behelmte Sturmtruppen des Innensenators aufgestellt, um den Vorfall aufzubauschen. Das reichte, um Politikern ein weit gr\u00f6\u00dferes Schauspiel der Heuchelei zu erm\u00f6glichen: die ehrbaren Spitzen des Staates konnten garnicht genug bekommen mit der Darstellung ihres Abscheus. <\/strong><\/p>\n\n\n\n<p>Jetzt hatten sie die gew\u00fcnschten Bilder und konnten bequem von dem eigentlichen Ereignis, der Gro\u00dfdemonstration von Gegnern der Regierungspolitik ablenken.<\/p>\n\n\n\n<p>Der Widerstand gegen die Faschisierung des \u00f6ffentlichen Lebens wird aber, gespeist durch die Zunahme der Erkenntnis des Corona- Betruges, immer gr\u00f6\u00dfer. In Werl wird Kindern  in der Schule Desinfektionsfl\u00fcssigkeit ins Gesicht gespr\u00fcht, wenn sie die Maske kurzfristig abgenommen haben. In Hagen m\u00fcssen Kinder mit dem Gesicht zur Wand gewandt am Unterricht teilnehmen, wenn sie Atteste zur Maskenbefreiung vorlegen. <\/p>\n\n\n\n<p>Die bedrohliche Zuspitzung durch das \u00dcberhandnehmen der staatlichen \u00dcbergriffe erfordert inzwischen eine breite Koalition. Das \u00fcbliche Rechts- Links- Denken tritt in den Hintergrund und wird von dem gemeinsamen Widerstand \u00fcberlagert.  Diese erforderliche Zusammenfassung der Kr\u00e4fte bringt Koalitionen zustande, die bisher unvorstellbar waren. Deswegen verlangen die politische Klasse , ihre Pr\u00e4sidenten und niedere R\u00e4nge der Corona- Parteien Distanzierungen; aber vergeblich.<\/p>\n\n\n\n<p>Die unteren Klassen und Schichten erkennen zunehmend, dass sie gegen die Oberschicht und obere Mittelschicht nur eine Chance haben, wenn sie sich nicht spalten lassen. Auch ein rechter Patriot kann eine aufrechte Gesinung und ehrbare Motive haben. Klassenzugeh\u00f6rigkeit wird wichtiger als ideologische Differenzen. Der faschistoide Druck verlangt eine neue Definition von rechts und links.<\/p>\n","protected":false,"gt_translate_keys":[{"key":"rendered","format":"html"}]},"excerpt":{"rendered":"<p>Some government critics ran up the stairs to the entrance with their flags on the weekend to pose for photos. But this happening lasted only briefly; three policemen refused them&hellip;<\/p>\n","protected":false,"gt_translate_keys":[{"key":"rendered","format":"html"}]},"author":1,"featured_media":0,"comment_status":"open","ping_status":"open","sticky":false,"template":"","format":"standard","meta":{"footnotes":""},"categories":[45,11],"tags":[374,448],"class_list":["post-1825","post","type-post","status-publish","format-standard","hentry","category-gesellschaft","category-politik","tag-corona","tag-faschisierung"],"gt_translate_keys":[{"key":"link","format":"url"}],"_links":{"self":[{"href":"https:\/\/andreastriebel.de\/index.php?rest_route=\/wp\/v2\/posts\/1825","targetHints":{"allow":["GET"]}}],"collection":[{"href":"https:\/\/andreastriebel.de\/index.php?rest_route=\/wp\/v2\/posts"}],"about":[{"href":"https:\/\/andreastriebel.de\/index.php?rest_route=\/wp\/v2\/types\/post"}],"author":[{"embeddable":true,"href":"https:\/\/andreastriebel.de\/index.php?rest_route=\/wp\/v2\/users\/1"}],"replies":[{"embeddable":true,"href":"https:\/\/andreastriebel.de\/index.php?rest_route=%2Fwp%2Fv2%2Fcomments&post=1825"}],"version-history":[{"count":3,"href":"https:\/\/andreastriebel.de\/index.php?rest_route=\/wp\/v2\/posts\/1825\/revisions"}],"predecessor-version":[{"id":1828,"href":"https:\/\/andreastriebel.de\/index.php?rest_route=\/wp\/v2\/posts\/1825\/revisions\/1828"}],"wp:attachment":[{"href":"https:\/\/andreastriebel.de\/index.php?rest_route=%2Fwp%2Fv2%2Fmedia&parent=1825"}],"wp:term":[{"taxonomy":"category","embeddable":true,"href":"https:\/\/andreastriebel.de\/index.php?rest_route=%2Fwp%2Fv2%2Fcategories&post=1825"},{"taxonomy":"post_tag","embeddable":true,"href":"https:\/\/andreastriebel.de\/index.php?rest_route=%2Fwp%2Fv2%2Ftags&post=1825"}],"curies":[{"name":"wp","href":"https:\/\/api.w.org\/{rel}","templated":true}]}}