{"id":1851,"date":"2020-09-16T19:40:19","date_gmt":"2020-09-16T17:40:19","guid":{"rendered":"http:\/\/andreastriebel.de\/?p=1851"},"modified":"2020-09-16T20:59:22","modified_gmt":"2020-09-16T18:59:22","slug":"warum-die-infektionszahlen-irrefuehrend-sind","status":"publish","type":"post","link":"https:\/\/andreastriebel.de\/?p=1851","title":{"rendered":"Warum die Infektionszahlen irref\u00fchrend sind","gt_translate_keys":[{"key":"rendered","format":"text"}]},"content":{"rendered":"\n<p><em>The PCR test measures all sorts of things, but at least in Germany no longer SARS- Cov2- viruses.<br>The test cannot distinguish between the different corona viruses.<br>The test cannot distinguish between fragments of viruses and viruses that are still infectious.<br>The test cannot differentiate between an infection that has occurred a long time ago and an acute infection.<br>The test now has an error rate of eighty to ninety percent if the reaction is positive.<br>The test says nothing about whether the person in question will fall ill or not.<br>The test does not tell us whether the person tested positive can transmit the virus or not.<\/em><\/p>\n\n\n\n<p><strong>Der PCR- Test misst alles m\u00f6gliche aber in Deutschland jedenfalls nicht mehr SARS- Cov2- Viren.<\/strong><\/p>\n\n\n\n<p><strong>Der Test kann nicht zwischen den verschiedenen Corona- Viren unterscheiden.<\/strong><\/p>\n\n\n\n<p><strong>Der Test kann nicht zwischen Bruchst\u00fccken von Viren unterscheiden und Viren, die noch infektionsf\u00e4hig sind.<\/strong><\/p>\n\n\n\n<p><strong>Der Test kann nicht zwischen einer weit zur\u00fcck  liegenden Infektion und einer akuten Infektion unterscheiden.<\/strong><\/p>\n\n\n\n<p><strong>Der Test hat inzwischen bei positiver Reaktion eine Fehlerquote von achtzig bis neunzig Prozent.<\/strong><\/p>\n\n\n\n<p><strong>Der Test sagt nichts dar\u00fcber aus, ob die betreffende Person erkranken wird oder nicht.<\/strong><\/p>\n\n\n\n<p><strong>Der Test gibt keine Auskunft dar\u00fcber, ob die postiv getestete Person das Virus \u00fcbertragen kann oder nicht.<\/strong><\/p>\n\n\n\n<p>Im wissenschaftlichen Sprachgebrauch sagt der Begriff Infektion nur, dass ein Virus sich im K\u00f6rper ausgebreitet hat. Im t\u00e4glichen Leben aber hat der Begriff Infektion eine andere Bedeutung und signalisiert eine Erkrankung. Diese Bedeutung vermischen die Medien und sch\u00fcren die Angst. Tats\u00e4chlich aber ist die Besiedlung des menschlichen K\u00f6rpers mit Viren ein Normalzustand. Und Corona- Viren geh\u00f6ren nicht zu den gef\u00e4hrlicheren, z.B. erkranken daran nicht Kinder und Jugendliche.<\/p>\n\n\n\n<p>Und wenn ein Erwachsener von einem mutierten Corona- Virus befallen wird, merkt er in \u00fcber f\u00fcnfzig Prozent der F\u00e4lle nichts. In weiteren ca. 35 Prozent der F\u00e4lle hat er eine Erk\u00e4ltung. In wenigen F\u00e4llen ist eine \u00e4rztliche Behandlung n\u00f6tig. Sollte  ein an einem Atemwegsvirus  erkrankter Mensch Test- positiv sein, k\u00f6nnte das SARS- Cov2- Virus die Ursache sein oder ein anderes der vielen infrage kommenden Viren. Dabei w\u00e4re das Influenza- Virus, das in vergangenen Grippewellen eine hohe f\u00fcnfstellige Zahl an Todesopfern forderte, das gef\u00e4hrlichere Virus. Um das unterscheiden zu k\u00f6nnen, m\u00fcsste man sowohl nach SARS- Cov2 als auch nach Influenza- Viren suchen. Das ist aber in dieser Saison nicht geschehen. Vielmehr hat man alle Todesf\u00e4lle bei Menschen, die einmal positiv getestet wurden, auch, wenn sie l\u00e4ngst davon genesen waren, dem Corona- Virus zugerechnet. Trotzdem wurde keine  f\u00fcnfstellige Zahl erreicht.<\/p>\n\n\n\n<p>Die Presse bem\u00fcht sich jetzt, nachdem die Saison l\u00e4ngst vorbei ist und keine Atemwegsinfektionen durch SARS- Cov2 mehr nachgewiesen werden k\u00f6nnen, die Angst und die Spannung aufrecht zu halten und erfindet chronische Verl\u00e4ufe und phantasiert, dass das Duchschnittsalter der &#8222;Erkrankten&#8220; bei 32 Jahren liegen w\u00fcrde  u.s.w. die wildesten Behauptungen sind gerade gut genug.<\/p>\n\n\n\n<p>Die Besiedlung mit Viren ist normal; ab und zu kommt ein &#8222;neues&#8220; Virus hinzu. Und dass viele alte und kranke Menschen an einer Lungenentz\u00fcndung sterben, geh\u00f6rt zum Allgemeinwissen. Neu ist lediglich, dass dieses Thema politisch ausgeschlachtet wird.<\/p>\n\n\n\n<figure class=\"wp-block-embed-wordpress wp-block-embed is-type-wp-embed is-provider-geld-und-mehr\"><div class=\"wp-block-embed__wrapper\">\n<blockquote class=\"wp-embedded-content\" data-secret=\"ONPW9r9xbB\"><a href=\"https:\/\/norberthaering.de\/propaganda-zensur\/faktenfinder-2-welle\/\">Die angebliche zweite Welle und die faulen Tricks der Faktenfinder (mit Erwiderung)<\/a><\/blockquote><iframe loading=\"lazy\" class=\"wp-embedded-content\" sandbox=\"allow-scripts\" security=\"restricted\" style=\"position: absolute; clip: rect(1px, 1px, 1px, 1px);\" title=\"&#8222;Die angebliche zweite Welle und die faulen Tricks der Faktenfinder (mit Erwiderung)&#8220; &#8212; Geld und mehr\" src=\"https:\/\/norberthaering.de\/propaganda-zensur\/faktenfinder-2-welle\/embed\/#?secret=I9APJMzqWd#?secret=ONPW9r9xbB\" data-secret=\"ONPW9r9xbB\" width=\"317\" height=\"200\" frameborder=\"0\" marginwidth=\"0\" marginheight=\"0\" scrolling=\"no\"><\/iframe>\n<\/div><\/figure>\n","protected":false,"gt_translate_keys":[{"key":"rendered","format":"html"}]},"excerpt":{"rendered":"<p>The PCR test measures all sorts of things, but at least in Germany no longer SARS- Cov2- viruses.The test cannot distinguish between the different corona viruses.The test cannot distinguish between&hellip;<\/p>\n","protected":false,"gt_translate_keys":[{"key":"rendered","format":"html"}]},"author":1,"featured_media":0,"comment_status":"open","ping_status":"open","sticky":false,"template":"","format":"standard","meta":{"footnotes":""},"categories":[45,12,11],"tags":[389,380,433,467],"class_list":["post-1851","post","type-post","status-publish","format-standard","hentry","category-gesellschaft","category-medizin","category-politik","tag-corona-virus","tag-grippewelle","tag-influenza","tag-sars-cov2"],"gt_translate_keys":[{"key":"link","format":"url"}],"_links":{"self":[{"href":"https:\/\/andreastriebel.de\/index.php?rest_route=\/wp\/v2\/posts\/1851","targetHints":{"allow":["GET"]}}],"collection":[{"href":"https:\/\/andreastriebel.de\/index.php?rest_route=\/wp\/v2\/posts"}],"about":[{"href":"https:\/\/andreastriebel.de\/index.php?rest_route=\/wp\/v2\/types\/post"}],"author":[{"embeddable":true,"href":"https:\/\/andreastriebel.de\/index.php?rest_route=\/wp\/v2\/users\/1"}],"replies":[{"embeddable":true,"href":"https:\/\/andreastriebel.de\/index.php?rest_route=%2Fwp%2Fv2%2Fcomments&post=1851"}],"version-history":[{"count":8,"href":"https:\/\/andreastriebel.de\/index.php?rest_route=\/wp\/v2\/posts\/1851\/revisions"}],"predecessor-version":[{"id":1863,"href":"https:\/\/andreastriebel.de\/index.php?rest_route=\/wp\/v2\/posts\/1851\/revisions\/1863"}],"wp:attachment":[{"href":"https:\/\/andreastriebel.de\/index.php?rest_route=%2Fwp%2Fv2%2Fmedia&parent=1851"}],"wp:term":[{"taxonomy":"category","embeddable":true,"href":"https:\/\/andreastriebel.de\/index.php?rest_route=%2Fwp%2Fv2%2Fcategories&post=1851"},{"taxonomy":"post_tag","embeddable":true,"href":"https:\/\/andreastriebel.de\/index.php?rest_route=%2Fwp%2Fv2%2Ftags&post=1851"}],"curies":[{"name":"wp","href":"https:\/\/api.w.org\/{rel}","templated":true}]}}