{"id":1864,"date":"2020-09-23T16:22:41","date_gmt":"2020-09-23T14:22:41","guid":{"rendered":"http:\/\/andreastriebel.de\/?p=1864"},"modified":"2020-09-28T19:43:43","modified_gmt":"2020-09-28T17:43:43","slug":"jetzt-drehen-sie-noch-einmal-auf","status":"publish","type":"post","link":"https:\/\/andreastriebel.de\/?p=1864","title":{"rendered":"Jetzt drehen sie noch einmal auf","gt_translate_keys":[{"key":"rendered","format":"text"}]},"content":{"rendered":"\n<p>N<em>ow, in the time that is free of respiratory viruses, people are being kept in fear and anxiety to bridge the time until winter, when respiratory viruses really do reappear. Suddenly there is talk that the death toll will explode and that young people will need more hospital treatment, and the bad word of the superspreader is particularly appealing to the media <\/em>&#8230;<\/p>\n\n\n\n<p><strong>Jetzt , in der Zeit, die frei von Atemwegsviren ist, werden  die Menschen weiter in Angst und Schrecken gehalten, um die Zeit bis zum Winter, wenn wirklich wieder Atemwegsviren auftauchen, zu \u00fcberbr\u00fccken. Pl\u00f6tzlich ist die Rede davon, dass die Todeszahlen explodieren w\u00fcrden und dass junge Leute vermehrt  Krankenhausbehandlung ben\u00f6tigen w\u00fcrden und das \u00fcble Wort vom Superspreader gef\u00e4llt den Medien besonders. <\/strong><\/p>\n\n\n\n<p>Tats\u00e4chlich ist davon aber kein Wort wahr, es ist erstunken und erlogen. In Wirklichkeit ist das Virus jetzt ein Phantom, das ben\u00f6tigt wird, um die Ma\u00dfnahmen zu rechtfertigen: <\/p>\n\n\n\n<p>In M\u00fcnchen soll man jetzt in einzelnen Stadtteilen auch im Freien eine Maske tragen. Private feiern sollen kontrolliert werden (ein Fest f\u00fcr Ordnungs\u00e4mter), der bayrische Kanzlerbewerber will mehr Masken und weniger Alkohol, \u00dcbernachtungen in Hotels werden eingeschr\u00e4nkt. Weiter gilt ein Berufsverbot f\u00fcr einzelne Berufe. Kinder werden zu Masken gezwungen, alte Menschen d\u00fcrfen weiter nicht besucht werden. Die Polizei erh\u00e4lt fast unbeschr\u00e4nkte Vollmachten, die Justiz fertigt eilfertig der Obrigkeit genehme Urteile. Der bayrische Verwaltungsgerichtshof verbietet Demonstrationen, wenn sie von &#8222;Querdenken&#8220; angemeldet wurden. Normale Juristen w\u00fcrden sich f\u00fcr so etwas sch\u00e4men. Ein \u00c4rztepr\u00e4sident hetzt in der FAZ gegen \u00c4rzte, die Atteste zur Befreiung von der Maske ausstellen anstatt sie zu unterst\u00fctzen. Das sind dieselben Charaktere, die 1933 in die SA eingetreten sind, um nachher zu erkl\u00e4ren, dass sie eigentlich unschuldig seien.<\/p>\n\n\n\n<p>Viele Beamte dagegen fragen sich:&#8220; Gibt es diesen Staat noch, auf den ich meinen Eid geleistet habe?&#8220; <\/p>\n\n\n\n<p>Und in Spanien ist die Erinnerung an Franco noch wach, das st\u00e4rkt den Widerstand und die Italiener wissen noch genau, was ihnen Mussolini angetan hat. Und die Schweizer sind seit jeher n\u00fcchterner und machen nicht jede Hysterie mit. Deswegen gibt es dort noch so etwas wie eine freie Berichterstattung. Der Widerstand gegen die Faschisierung organisiert sich international.<\/p>\n\n\n\n<p><a href=\"https:\/\/www.rubikon.news\/artikel\/gefahrlicher-staat\">https:\/\/www.rubikon.news\/artikel\/gefahrlicher-staat<\/a><\/p>\n","protected":false,"gt_translate_keys":[{"key":"rendered","format":"html"}]},"excerpt":{"rendered":"<p>Now, in the time that is free of respiratory viruses, people are being kept in fear and anxiety to bridge the time until winter, when respiratory viruses really do reappear.&hellip;<\/p>\n","protected":false,"gt_translate_keys":[{"key":"rendered","format":"html"}]},"author":1,"featured_media":0,"comment_status":"open","ping_status":"open","sticky":false,"template":"","format":"standard","meta":{"footnotes":""},"categories":[45,11],"tags":[385,143,468],"class_list":["post-1864","post","type-post","status-publish","format-standard","hentry","category-gesellschaft","category-politik","tag-corona-krise","tag-faz","tag-querdenken"],"gt_translate_keys":[{"key":"link","format":"url"}],"_links":{"self":[{"href":"https:\/\/andreastriebel.de\/index.php?rest_route=\/wp\/v2\/posts\/1864","targetHints":{"allow":["GET"]}}],"collection":[{"href":"https:\/\/andreastriebel.de\/index.php?rest_route=\/wp\/v2\/posts"}],"about":[{"href":"https:\/\/andreastriebel.de\/index.php?rest_route=\/wp\/v2\/types\/post"}],"author":[{"embeddable":true,"href":"https:\/\/andreastriebel.de\/index.php?rest_route=\/wp\/v2\/users\/1"}],"replies":[{"embeddable":true,"href":"https:\/\/andreastriebel.de\/index.php?rest_route=%2Fwp%2Fv2%2Fcomments&post=1864"}],"version-history":[{"count":3,"href":"https:\/\/andreastriebel.de\/index.php?rest_route=\/wp\/v2\/posts\/1864\/revisions"}],"predecessor-version":[{"id":1867,"href":"https:\/\/andreastriebel.de\/index.php?rest_route=\/wp\/v2\/posts\/1864\/revisions\/1867"}],"wp:attachment":[{"href":"https:\/\/andreastriebel.de\/index.php?rest_route=%2Fwp%2Fv2%2Fmedia&parent=1864"}],"wp:term":[{"taxonomy":"category","embeddable":true,"href":"https:\/\/andreastriebel.de\/index.php?rest_route=%2Fwp%2Fv2%2Fcategories&post=1864"},{"taxonomy":"post_tag","embeddable":true,"href":"https:\/\/andreastriebel.de\/index.php?rest_route=%2Fwp%2Fv2%2Ftags&post=1864"}],"curies":[{"name":"wp","href":"https:\/\/api.w.org\/{rel}","templated":true}]}}