{"id":1882,"date":"2020-10-03T14:45:39","date_gmt":"2020-10-03T12:45:39","guid":{"rendered":"http:\/\/andreastriebel.de\/?p=1882"},"modified":"2020-10-03T20:49:24","modified_gmt":"2020-10-03T18:49:24","slug":"faschismus-in-deutschland","status":"publish","type":"post","link":"https:\/\/andreastriebel.de\/?p=1882","title":{"rendered":"Der Faschismus und die Deutschen","gt_translate_keys":[{"key":"rendered","format":"text"}]},"content":{"rendered":"\n<p><em>In Germany fascism has tradition.<\/em><\/p>\n\n\n\n<p><em>The collapse of imperial rule in World War I promoted only a relatively short period of democratic conditions. During the Weimar Republic, the old social elites continued to be active, only to take the helm again after the economic collapse. Social democracy disintegrated, and the unions were demoralized and weak.<\/em>&#8230;<\/p>\n\n\n\n<p><strong>In Deutschland hat der Faschismus Tradition.<\/strong><\/p>\n\n\n\n<p><strong>Der Zusammenbruch des Kaiserreichs im ersten Weltkrieg f\u00f6rderte nur eine relativ kurze Zeit mit demokratischen Verh\u00e4ltnissen. In der Weimarer Republik waren die alten gesellschaftlichen Eliten weiter aktiv, um nach dem wirtschaftlichen Zusammenbruch wieder das Steuer zu \u00fcbernehmen. Die Sozialdemokratie zersetzte sich, die Gewerkschaften waren demoralisiert und schw\u00e4chlich.<\/strong><\/p>\n\n\n\n<p>Mit der Judenfeindlichkeit stand f\u00fcr B\u00fcrgertum und Proletariat ein klassen\u00fcbergreifendes ideologisches Muster bereit. So konnte von Papen zur Stabilisierung der Herrschaftsverh\u00e4ltnisse die Staatsmacht an Hitler \u00fcbergeben. Dieser konnte die offene und brutale Terrorherrschaft durchsetzen. Hitler fand nicht nur im eigenen Volk willige Unterst\u00fctzer sondern auch mit Mussolini und Franco bereitwillige Mitstreiter.<\/p>\n\n\n\n<p>Hat Merkel die Rolle von Franz von Papen \u00fcbernommen? Immerhin regiert sie mit einer total gleichgeschalteten Medienlandschaft wie sie in der Weimarer Republik nie bestanden hat. Als alle verbindendes Narrativ wird ein b\u00f6ses Virus benutzt, das zwar seit vier Monaten ausgestorben ist, aber dreist und mit kalter Berechnung zur Ausschaltung der Justiz dient. <\/p>\n\n\n\n<p>Untergeordneten Instanzen wird eine nie gekannte Macht verliehen, Demonstrationen auf ein l\u00e4cherliches Ma\u00df beschr\u00e4nkt oder gleich ganz verboten. Tiefe Einschnitte in das Privatleben verbunden mit der Aufhebung der b\u00fcrgerlichen Freiheiten, Vernichtung ganzer Branchen, die nicht unmittelbar profitversprechend f\u00fcr gro\u00dfe Kapitalgesellschaften sind, aber herrschaftsgef\u00e4hrdend sein k\u00f6nnen, werden durchgesetzt. <\/p>\n\n\n\n<p>Durch Schlie\u00dfng von Krankenh\u00e4usern und Altersheimen und Entlassung von Personal werden die gesllschaftlichen Sozialkosten erheblich reduziert.<\/p>\n\n\n\n<p>Gleichzeitig verunglimpfen Presse und Fernsehen den Widerstand. Denunziation und Spitzelei ist wieder gesellschaftsf\u00e4hig. Staatsbeamte drohen mit der &#8222;Herausnahme von Kindern&#8220; aus den Familien. Teilweise stehen sie auch schon vor der Haust\u00fcr. Zwangstestungen als Vorbereitung f\u00fcr Zwangsimpfungen werden immer mehr durchgesetzt. Sogar eine Genmanipulation (mRNA- &#8222;Impfung&#8220;)  wird offen diskutiert. Honecker hat diese totale Kontrolle nicht versucht, nicht geschafft. Er hat zwar mehr als hunderttausend Stasi- Mitarbeiter eingesetzt, aber Merkel wird f\u00fcr die ganzen \u00dcberpr\u00fcfungen der jetzt beschlossenen Einschr\u00e4nkungen noch mehr ben\u00f6tigen.<\/p>\n\n\n\n<p>Konzentrationslager, in denen die widerst\u00e4ndige Bev\u00f6lkerung eingesperrt wird, gibt es allerdings noch nicht (&#8222;Niemand hat vor eine Mauer zu bauen&#8220;), die ideologischen Vorraussetzungen sind aber schon da.<\/p>\n\n\n\n<p>Erst wenn die Verhafteten nicht mehr frei gelassen werden, kann man frei nach Dimitroff von Faschismus sprechen. Die Bezeichnungen &#8222;faschistoide Politiker&#8220; und &#8222;Faschisierung&#8220; treffen aber den Kern.<\/p>\n\n\n\n<p><\/p>\n","protected":false,"gt_translate_keys":[{"key":"rendered","format":"html"}]},"excerpt":{"rendered":"<p>In Germany fascism has tradition. The collapse of imperial rule in World War I promoted only a relatively short period of democratic conditions. During the Weimar Republic, the old social&hellip;<\/p>\n","protected":false,"gt_translate_keys":[{"key":"rendered","format":"html"}]},"author":1,"featured_media":0,"comment_status":"open","ping_status":"open","sticky":false,"template":"","format":"standard","meta":{"footnotes":""},"categories":[45,11],"tags":[448,474,475,33,476],"class_list":["post-1882","post","type-post","status-publish","format-standard","hentry","category-gesellschaft","category-politik","tag-faschisierung","tag-faschismus","tag-hitler","tag-sozialdemokratie","tag-weimarer-republik"],"gt_translate_keys":[{"key":"link","format":"url"}],"_links":{"self":[{"href":"https:\/\/andreastriebel.de\/index.php?rest_route=\/wp\/v2\/posts\/1882","targetHints":{"allow":["GET"]}}],"collection":[{"href":"https:\/\/andreastriebel.de\/index.php?rest_route=\/wp\/v2\/posts"}],"about":[{"href":"https:\/\/andreastriebel.de\/index.php?rest_route=\/wp\/v2\/types\/post"}],"author":[{"embeddable":true,"href":"https:\/\/andreastriebel.de\/index.php?rest_route=\/wp\/v2\/users\/1"}],"replies":[{"embeddable":true,"href":"https:\/\/andreastriebel.de\/index.php?rest_route=%2Fwp%2Fv2%2Fcomments&post=1882"}],"version-history":[{"count":9,"href":"https:\/\/andreastriebel.de\/index.php?rest_route=\/wp\/v2\/posts\/1882\/revisions"}],"predecessor-version":[{"id":1894,"href":"https:\/\/andreastriebel.de\/index.php?rest_route=\/wp\/v2\/posts\/1882\/revisions\/1894"}],"wp:attachment":[{"href":"https:\/\/andreastriebel.de\/index.php?rest_route=%2Fwp%2Fv2%2Fmedia&parent=1882"}],"wp:term":[{"taxonomy":"category","embeddable":true,"href":"https:\/\/andreastriebel.de\/index.php?rest_route=%2Fwp%2Fv2%2Fcategories&post=1882"},{"taxonomy":"post_tag","embeddable":true,"href":"https:\/\/andreastriebel.de\/index.php?rest_route=%2Fwp%2Fv2%2Ftags&post=1882"}],"curies":[{"name":"wp","href":"https:\/\/api.w.org\/{rel}","templated":true}]}}