{"id":194,"date":"2015-12-23T18:18:26","date_gmt":"2015-12-23T18:18:26","guid":{"rendered":"http:\/\/andreastriebel.de\/?p=194"},"modified":"2017-06-28T19:26:30","modified_gmt":"2017-06-28T19:26:30","slug":"autokonzerne-boykottieren-die-elektromobilitaet","status":"publish","type":"post","link":"https:\/\/andreastriebel.de\/?p=194","title":{"rendered":"Autokonzerne boykottieren die Elektromobilit\u00e4t","gt_translate_keys":[{"key":"rendered","format":"text"}]},"content":{"rendered":"<p>Mit den Milliarden an Strafzahlungen, die jetzt f\u00fcr den VW- Konzern f\u00e4llig werden, h\u00e4tte die ganze Bundesrepublik mit einem Netz von Schnelladestellen \u00fcberzogen werden k\u00f6nnen. Die Normalladestellen, die es schon gibt, sind kein ernst gemeintes Angebot, denn zw\u00f6lf Stunden Ladezeit sind eher ein Witz. L\u00e4ngst h\u00e4tten sich die Konzerne auf einen gemeinsamen Stecker einigen m\u00fcssen, das Mindeste w\u00e4re ein Adapter. Aber die Konzerne setzen den ganzen Einfluss ihrer Lobby ein, um gesetzliche Ma\u00dfnahmen zu verhindern. In Kalifornien und Norwegen ist ihnen das nicht gelungen. In Europa war es schon lange bekannt, dass zwischen den in den Prospekten angegebenen Benzinverbrauchswerten und dem Schadstoffaussto\u00df und den tats\u00e4chlichen Werten eine erhebliche L\u00fccke klafft. Aber die Regierungen, allen voran die deutsche, hatten es durchgesetzt, dass daran nicht ger\u00fcttelt wurde. Erst die Kalifornier haben die dreisten Manipulationen zum \u00f6ffentlichen Thema gemacht. Bei dieser Willf\u00e4hrigkeit der Regierungen den Konzernen gegen\u00fcber, fragt man sich, wer hier eigentlich die F\u00e4den zieht.<\/p>\n","protected":false,"gt_translate_keys":[{"key":"rendered","format":"html"}]},"excerpt":{"rendered":"<p>Mit den Milliarden an Strafzahlungen, die jetzt f\u00fcr den VW- Konzern f\u00e4llig werden, h\u00e4tte die ganze Bundesrepublik mit einem Netz von Schnelladestellen \u00fcberzogen werden k\u00f6nnen. Die Normalladestellen, die es schon&hellip;<\/p>\n","protected":false,"gt_translate_keys":[{"key":"rendered","format":"html"}]},"author":1,"featured_media":0,"comment_status":"open","ping_status":"open","sticky":false,"template":"","format":"standard","meta":{"footnotes":""},"categories":[13],"tags":[79,78],"class_list":["post-194","post","type-post","status-publish","format-standard","hentry","category-wirtschaft","tag-elektromobilitaet","tag-vw"],"gt_translate_keys":[{"key":"link","format":"url"}],"_links":{"self":[{"href":"https:\/\/andreastriebel.de\/index.php?rest_route=\/wp\/v2\/posts\/194","targetHints":{"allow":["GET"]}}],"collection":[{"href":"https:\/\/andreastriebel.de\/index.php?rest_route=\/wp\/v2\/posts"}],"about":[{"href":"https:\/\/andreastriebel.de\/index.php?rest_route=\/wp\/v2\/types\/post"}],"author":[{"embeddable":true,"href":"https:\/\/andreastriebel.de\/index.php?rest_route=\/wp\/v2\/users\/1"}],"replies":[{"embeddable":true,"href":"https:\/\/andreastriebel.de\/index.php?rest_route=%2Fwp%2Fv2%2Fcomments&post=194"}],"version-history":[{"count":2,"href":"https:\/\/andreastriebel.de\/index.php?rest_route=\/wp\/v2\/posts\/194\/revisions"}],"predecessor-version":[{"id":234,"href":"https:\/\/andreastriebel.de\/index.php?rest_route=\/wp\/v2\/posts\/194\/revisions\/234"}],"wp:attachment":[{"href":"https:\/\/andreastriebel.de\/index.php?rest_route=%2Fwp%2Fv2%2Fmedia&parent=194"}],"wp:term":[{"taxonomy":"category","embeddable":true,"href":"https:\/\/andreastriebel.de\/index.php?rest_route=%2Fwp%2Fv2%2Fcategories&post=194"},{"taxonomy":"post_tag","embeddable":true,"href":"https:\/\/andreastriebel.de\/index.php?rest_route=%2Fwp%2Fv2%2Ftags&post=194"}],"curies":[{"name":"wp","href":"https:\/\/api.w.org\/{rel}","templated":true}]}}