{"id":196,"date":"2016-03-06T18:22:19","date_gmt":"2016-03-06T18:22:19","guid":{"rendered":"http:\/\/andreastriebel.de\/?p=196"},"modified":"2017-06-28T19:27:00","modified_gmt":"2017-06-28T19:27:00","slug":"schaeuble-und-gabriels-solidarpakt","status":"publish","type":"post","link":"https:\/\/andreastriebel.de\/?p=196","title":{"rendered":"Sch\u00e4uble und Gabriels &#8222;Solidarpakt&#8220;","gt_translate_keys":[{"key":"rendered","format":"text"}]},"content":{"rendered":"<p>Ausgerechnet jetzt, wo es um die Kosten f\u00fcr die Fl\u00fcchtlingshilfe geht, eine Diskussion um einen sogenannten Solidarpakt anzuzetteln und Arme gegen noch \u00c4rmere auszuspielen, ist wirklich erb\u00e4rmlich. Dass der \u00e4rmere Teil der Bev\u00f6lkerung immer \u00e4rmer wird und der reichere immer reicher, ist hinreichend bekannt. Diese Differenzierung hat seit der rot- gr\u00fcnen Agenda erst richtig Fahrt aufgenommen. Wie heuchlerisch, wenn die SPD- Spitze jetzt pl\u00f6tzlich ihr Herz f\u00fcr den \u00e4rmeren Teil der Bev\u00f6lkerung entdeckt. Sch\u00e4uble ist in der Lage auch manchmal etwas Vern\u00fcnftiges zu sagen. Und f\u00fcr Gabriel gilt, dass sich jeder so gut er kann blamiert. Wo sind die Zeiten, als die SPD noch eine zukunftsweisende Partei war?<\/p>\n","protected":false,"gt_translate_keys":[{"key":"rendered","format":"html"}]},"excerpt":{"rendered":"<p>Ausgerechnet jetzt, wo es um die Kosten f\u00fcr die Fl\u00fcchtlingshilfe geht, eine Diskussion um einen sogenannten Solidarpakt anzuzetteln und Arme gegen noch \u00c4rmere auszuspielen, ist wirklich erb\u00e4rmlich. Dass der \u00e4rmere&hellip;<\/p>\n","protected":false,"gt_translate_keys":[{"key":"rendered","format":"html"}]},"author":1,"featured_media":0,"comment_status":"open","ping_status":"open","sticky":false,"template":"","format":"standard","meta":{"footnotes":""},"categories":[11],"tags":[80,14],"class_list":["post-196","post","type-post","status-publish","format-standard","hentry","category-politik","tag-schaeuble","tag-sigmar-gabriel"],"gt_translate_keys":[{"key":"link","format":"url"}],"_links":{"self":[{"href":"https:\/\/andreastriebel.de\/index.php?rest_route=\/wp\/v2\/posts\/196","targetHints":{"allow":["GET"]}}],"collection":[{"href":"https:\/\/andreastriebel.de\/index.php?rest_route=\/wp\/v2\/posts"}],"about":[{"href":"https:\/\/andreastriebel.de\/index.php?rest_route=\/wp\/v2\/types\/post"}],"author":[{"embeddable":true,"href":"https:\/\/andreastriebel.de\/index.php?rest_route=\/wp\/v2\/users\/1"}],"replies":[{"embeddable":true,"href":"https:\/\/andreastriebel.de\/index.php?rest_route=%2Fwp%2Fv2%2Fcomments&post=196"}],"version-history":[{"count":3,"href":"https:\/\/andreastriebel.de\/index.php?rest_route=\/wp\/v2\/posts\/196\/revisions"}],"predecessor-version":[{"id":235,"href":"https:\/\/andreastriebel.de\/index.php?rest_route=\/wp\/v2\/posts\/196\/revisions\/235"}],"wp:attachment":[{"href":"https:\/\/andreastriebel.de\/index.php?rest_route=%2Fwp%2Fv2%2Fmedia&parent=196"}],"wp:term":[{"taxonomy":"category","embeddable":true,"href":"https:\/\/andreastriebel.de\/index.php?rest_route=%2Fwp%2Fv2%2Fcategories&post=196"},{"taxonomy":"post_tag","embeddable":true,"href":"https:\/\/andreastriebel.de\/index.php?rest_route=%2Fwp%2Fv2%2Ftags&post=196"}],"curies":[{"name":"wp","href":"https:\/\/api.w.org\/{rel}","templated":true}]}}