{"id":1965,"date":"2020-10-27T21:20:55","date_gmt":"2020-10-27T20:20:55","guid":{"rendered":"http:\/\/andreastriebel.de\/?p=1965"},"modified":"2020-10-27T21:35:31","modified_gmt":"2020-10-27T20:35:31","slug":"bluehe-deutsches-vaterland","status":"publish","type":"post","link":"https:\/\/andreastriebel.de\/?p=1965","title":{"rendered":"Bl\u00fche deutsches Vaterland","gt_translate_keys":[{"key":"rendered","format":"text"}]},"content":{"rendered":"\n<p><em>The Germany Anthem was actually intended to unite conservatives, liberals and leftists. But the neoliberal ideology of capitalism, which has been dominant for decades, has infiltr<\/em>ated <em>and disintegrated all currents, at least in Western Europe&#8230;.<\/em><\/p>\n\n\n\n<p><strong>Die Deutschland- Hymne sollte eigentlich Konservative, Liberale und Linke vereinen. Die seit Jahrzehnten vorherrschende, neoliberale Ideologie des Kapitalismus hat hat aber zumindest in Westeuropa alle Str\u00f6mungen infiltriert und zersetzt.<\/strong><\/p>\n\n\n\n<p>In kurzen geschuchtlichen Phasen konnten Konservative glauben, dass es eine Nation geben w\u00fcrde, innerhalb der sie einen Platz einnehmen w\u00fcrden, der ihrem Rang entspr\u00e4che ohne anderen Schichten etwas wegzunehmen. Liberale standen f\u00fcr eine Durchl\u00e4ssigkeit des Systems der Klassen und Linke tr\u00e4umten von einer \u00dcberwindung des Klassensystems. <\/p>\n\n\n\n<p>In der  sehr kurzen Phase der BRD unter Brandt dominierte dieses Narrativ, das auch von konservativen Kreisen wenn auch widerwillig \u00fcbernommen wurde. Mit der \u00c4ra Kohl und seiner &#8222;geistig- moralischen Wende&#8220; war diese Phase endg\u00fcltig zuende.<\/p>\n\n\n\n<p>Der platte Neoliberalismus, der einzig auf Kapitalvermehrung setzte, konnte sich im Schatten der Konkurrenz der Superm\u00e4chte durchsetzen. Mit viel Propagandaaufwand wurden supranationale Organisationen (EU&#8230;) ins Leben gerufen und die Arbeitskr\u00e4fte Osteuropas  der kapitalistischen Verwertung zugef\u00fchrt. ( VW, T\u00f6nnies usw.) Diese Phase ist definitiv vorbei. Polen und Ungarn haben das fr\u00fch erkannt und widersetzen sich. Sie sind auch die ersten Partner, wenn wenn nach dem vollst\u00e4ndigen Zusammenbruch des kapitalistischen Systems eine neue internationale Basis aufgebaut werden muss.<\/p>\n\n\n\n<p> W\u00e4re ein neues Nationalgef\u00fchl ein Widerspruch zu einem sozialen, sozialistischen Internationalismus? <\/p>\n\n\n\n<p>Der Wiederaufbau wird nur \u00fcber nationale Strukturen f\u00fchren. <\/p>\n","protected":false,"gt_translate_keys":[{"key":"rendered","format":"html"}]},"excerpt":{"rendered":"<p>The Germany Anthem was actually intended to unite conservatives, liberals and leftists. But the neoliberal ideology of capitalism, which has been dominant for decades, has infiltrated and disintegrated all currents,&hellip;<\/p>\n","protected":false,"gt_translate_keys":[{"key":"rendered","format":"html"}]},"author":1,"featured_media":0,"comment_status":"open","ping_status":"open","sticky":false,"template":"","format":"standard","meta":{"footnotes":""},"categories":[45,11],"tags":[38,51,491],"class_list":["post-1965","post","type-post","status-publish","format-standard","hentry","category-gesellschaft","category-politik","tag-kapitalismus","tag-neoliberalismus","tag-vaterland"],"gt_translate_keys":[{"key":"link","format":"url"}],"_links":{"self":[{"href":"https:\/\/andreastriebel.de\/index.php?rest_route=\/wp\/v2\/posts\/1965","targetHints":{"allow":["GET"]}}],"collection":[{"href":"https:\/\/andreastriebel.de\/index.php?rest_route=\/wp\/v2\/posts"}],"about":[{"href":"https:\/\/andreastriebel.de\/index.php?rest_route=\/wp\/v2\/types\/post"}],"author":[{"embeddable":true,"href":"https:\/\/andreastriebel.de\/index.php?rest_route=\/wp\/v2\/users\/1"}],"replies":[{"embeddable":true,"href":"https:\/\/andreastriebel.de\/index.php?rest_route=%2Fwp%2Fv2%2Fcomments&post=1965"}],"version-history":[{"count":15,"href":"https:\/\/andreastriebel.de\/index.php?rest_route=\/wp\/v2\/posts\/1965\/revisions"}],"predecessor-version":[{"id":1986,"href":"https:\/\/andreastriebel.de\/index.php?rest_route=\/wp\/v2\/posts\/1965\/revisions\/1986"}],"wp:attachment":[{"href":"https:\/\/andreastriebel.de\/index.php?rest_route=%2Fwp%2Fv2%2Fmedia&parent=1965"}],"wp:term":[{"taxonomy":"category","embeddable":true,"href":"https:\/\/andreastriebel.de\/index.php?rest_route=%2Fwp%2Fv2%2Fcategories&post=1965"},{"taxonomy":"post_tag","embeddable":true,"href":"https:\/\/andreastriebel.de\/index.php?rest_route=%2Fwp%2Fv2%2Ftags&post=1965"}],"curies":[{"name":"wp","href":"https:\/\/api.w.org\/{rel}","templated":true}]}}