{"id":199,"date":"2016-03-12T18:27:51","date_gmt":"2016-03-12T18:27:51","guid":{"rendered":"http:\/\/andreastriebel.de\/?p=199"},"modified":"2017-06-28T19:27:42","modified_gmt":"2017-06-28T19:27:42","slug":"wozu-braucht-man-diesen-bundespraesidenten","status":"publish","type":"post","link":"https:\/\/andreastriebel.de\/?p=199","title":{"rendered":"Wozu braucht man diesen Bundespr\u00e4sidenten?","gt_translate_keys":[{"key":"rendered","format":"text"}]},"content":{"rendered":"<p>Jetzt w\u00e4re es l\u00e4ngst an der Zeit gewesen klare Worte zur Fl\u00fcchtlingskrise zu sprechen und die Pflicht der Westeurop\u00e4er zur Aufnahme und zur Versorgung der Fl\u00fcchtlinge heraus zu stellen. Aber Gauck schweigt. Von Dunkeldeutschland zu reden ist Verdunkelung, wenn nicht Gelaber. Stattdessen m\u00fcsste der Pr\u00e4sident den Deutschen ins Gewissen reden. Dazu fehlt ihm die Statur. Er f\u00fcrchtet, dass ihn die Springerpresse so jagt wie Wulf, der es immerhin fertig brachte, festzustellen, dass der Islam zu Deutschland geh\u00f6rt. Gauck verteidigt lieber den Einsatz deutscher Soldaten im Ausland oder wie ein Vorg\u00e4nger den Einsatz der Marine auf den Seewegen der deutschen Handelsschifffahrt. Dann doch lieber ein so konservativer Knochen wie Weiz\u00e4cker, der g\u00fcltig erkl\u00e4rte, dass Deutschland durch die Alliierten befreit wurde. Einen kleinm\u00fctigen, auf seine Wiederwahl schielenden Pr\u00e4sidenten brauchen wir jetzt nicht. Daher w\u00e4re nur eine Amtsperiode f\u00fcr einen Pr\u00e4sidenten besser.<\/p>\n","protected":false,"gt_translate_keys":[{"key":"rendered","format":"html"}]},"excerpt":{"rendered":"<p>Jetzt w\u00e4re es l\u00e4ngst an der Zeit gewesen klare Worte zur Fl\u00fcchtlingskrise zu sprechen und die Pflicht der Westeurop\u00e4er zur Aufnahme und zur Versorgung der Fl\u00fcchtlinge heraus zu stellen. Aber&hellip;<\/p>\n","protected":false,"gt_translate_keys":[{"key":"rendered","format":"html"}]},"author":1,"featured_media":0,"comment_status":"open","ping_status":"open","sticky":false,"template":"","format":"standard","meta":{"footnotes":""},"categories":[45,11],"tags":[81],"class_list":["post-199","post","type-post","status-publish","format-standard","hentry","category-gesellschaft","category-politik","tag-gauck"],"gt_translate_keys":[{"key":"link","format":"url"}],"_links":{"self":[{"href":"https:\/\/andreastriebel.de\/index.php?rest_route=\/wp\/v2\/posts\/199","targetHints":{"allow":["GET"]}}],"collection":[{"href":"https:\/\/andreastriebel.de\/index.php?rest_route=\/wp\/v2\/posts"}],"about":[{"href":"https:\/\/andreastriebel.de\/index.php?rest_route=\/wp\/v2\/types\/post"}],"author":[{"embeddable":true,"href":"https:\/\/andreastriebel.de\/index.php?rest_route=\/wp\/v2\/users\/1"}],"replies":[{"embeddable":true,"href":"https:\/\/andreastriebel.de\/index.php?rest_route=%2Fwp%2Fv2%2Fcomments&post=199"}],"version-history":[{"count":2,"href":"https:\/\/andreastriebel.de\/index.php?rest_route=\/wp\/v2\/posts\/199\/revisions"}],"predecessor-version":[{"id":236,"href":"https:\/\/andreastriebel.de\/index.php?rest_route=\/wp\/v2\/posts\/199\/revisions\/236"}],"wp:attachment":[{"href":"https:\/\/andreastriebel.de\/index.php?rest_route=%2Fwp%2Fv2%2Fmedia&parent=199"}],"wp:term":[{"taxonomy":"category","embeddable":true,"href":"https:\/\/andreastriebel.de\/index.php?rest_route=%2Fwp%2Fv2%2Fcategories&post=199"},{"taxonomy":"post_tag","embeddable":true,"href":"https:\/\/andreastriebel.de\/index.php?rest_route=%2Fwp%2Fv2%2Ftags&post=199"}],"curies":[{"name":"wp","href":"https:\/\/api.w.org\/{rel}","templated":true}]}}