{"id":201,"date":"2015-12-06T18:33:07","date_gmt":"2015-12-06T18:33:07","guid":{"rendered":"http:\/\/andreastriebel.de\/?p=201"},"modified":"2017-06-28T19:26:05","modified_gmt":"2017-06-28T19:26:05","slug":"sind-wir-im-krieg","status":"publish","type":"post","link":"https:\/\/andreastriebel.de\/?p=201","title":{"rendered":"Sind wir im Krieg?","gt_translate_keys":[{"key":"rendered","format":"text"}]},"content":{"rendered":"<p>Gegen eine R\u00e4uberbande kann man keinen Krieg f\u00fchren. Auch wenn man schwere Waffen einsetzen muss. Die Kriegspropaganda dient aber der Militarisierung des \u00f6ffentlichen Lebens. Sie n\u00fctzt unserer politischen Klasse, die uns Zivilisten vor Gefahren sch\u00fctzen will, die sie selbst erst herauf beschworen hat. Den Terror haben die westlichen Staaten in den Nahen Osten eingef\u00fchrt. Seit Jahrzehnten leidet das pal\u00e4stinensische Volk unter dem Staatsterror Israels. Die Vormacht des Westens hat Mossadeq umgebracht, Lumumba und Allende. Die Liste l\u00e4sst sich bis in die j\u00fcngste Zeit fortsetzen. Die think tanks der Regierungen nennen das &#8222;regime change&#8220;. Dann haben sie ihre Kompradoren eingesetzt, die die V\u00f6lker gequ\u00e4lt und terrorisiert haben. Jetzt, wo das Monopol auf den Terror verloren gegangen ist, ruft der Westen den Krieg aus, am besten den totalen. Wenn unter Krieg nicht mehr die Auseinandersetzung zwischen Nationalstaaten verstanden wird, befinden wir uns schon lange im Krieg und wundern uns, dass die Ausl\u00e4ufer uns jetzt erreicht haben, nachdem wir so lange in einer Blase gelebt haben.<\/p>\n","protected":false,"gt_translate_keys":[{"key":"rendered","format":"html"}]},"excerpt":{"rendered":"<p>Gegen eine R\u00e4uberbande kann man keinen Krieg f\u00fchren. Auch wenn man schwere Waffen einsetzen muss. Die Kriegspropaganda dient aber der Militarisierung des \u00f6ffentlichen Lebens. Sie n\u00fctzt unserer politischen Klasse, die&hellip;<\/p>\n","protected":false,"gt_translate_keys":[{"key":"rendered","format":"html"}]},"author":1,"featured_media":0,"comment_status":"open","ping_status":"open","sticky":false,"template":"","format":"standard","meta":{"footnotes":""},"categories":[11],"tags":[17,82],"class_list":["post-201","post","type-post","status-publish","format-standard","hentry","category-politik","tag-israel","tag-palaestina"],"gt_translate_keys":[{"key":"link","format":"url"}],"_links":{"self":[{"href":"https:\/\/andreastriebel.de\/index.php?rest_route=\/wp\/v2\/posts\/201","targetHints":{"allow":["GET"]}}],"collection":[{"href":"https:\/\/andreastriebel.de\/index.php?rest_route=\/wp\/v2\/posts"}],"about":[{"href":"https:\/\/andreastriebel.de\/index.php?rest_route=\/wp\/v2\/types\/post"}],"author":[{"embeddable":true,"href":"https:\/\/andreastriebel.de\/index.php?rest_route=\/wp\/v2\/users\/1"}],"replies":[{"embeddable":true,"href":"https:\/\/andreastriebel.de\/index.php?rest_route=%2Fwp%2Fv2%2Fcomments&post=201"}],"version-history":[{"count":2,"href":"https:\/\/andreastriebel.de\/index.php?rest_route=\/wp\/v2\/posts\/201\/revisions"}],"predecessor-version":[{"id":233,"href":"https:\/\/andreastriebel.de\/index.php?rest_route=\/wp\/v2\/posts\/201\/revisions\/233"}],"wp:attachment":[{"href":"https:\/\/andreastriebel.de\/index.php?rest_route=%2Fwp%2Fv2%2Fmedia&parent=201"}],"wp:term":[{"taxonomy":"category","embeddable":true,"href":"https:\/\/andreastriebel.de\/index.php?rest_route=%2Fwp%2Fv2%2Fcategories&post=201"},{"taxonomy":"post_tag","embeddable":true,"href":"https:\/\/andreastriebel.de\/index.php?rest_route=%2Fwp%2Fv2%2Ftags&post=201"}],"curies":[{"name":"wp","href":"https:\/\/api.w.org\/{rel}","templated":true}]}}