{"id":2015,"date":"2020-11-09T18:46:42","date_gmt":"2020-11-09T17:46:42","guid":{"rendered":"http:\/\/andreastriebel.de\/?p=2015"},"modified":"2020-11-10T20:48:38","modified_gmt":"2020-11-10T19:48:38","slug":"das-versagen-des-linksliberalismus","status":"publish","type":"post","link":"https:\/\/andreastriebel.de\/?p=2015","title":{"rendered":"Das Versagen des Linksliberalismus","gt_translate_keys":[{"key":"rendered","format":"text"}]},"content":{"rendered":"\n<p><em>Actually the term left-liberal should be put in quotation marks, it is so discredited, but the corona crisis has shifted all standards and made the assignments of left and right useless&#8230;.<\/em><\/p>\n\n\n\n<p>E<strong>igentlich m\u00fcsste man den Begriff  linksliberal in Anf\u00fchrungszeichen setzen, so sehr ist er diskreditiert, aber die Corona- Krise hat alle Ma\u00dfst\u00e4be verschoben und die Zuweisungen von links und rechts unbrauchbar gemacht. <\/strong><\/p>\n\n\n\n<p>Wann, wenn nicht jetzt h\u00e4tten die sogenannten Linksliberalen ihre Stimme erhebe4n m\u00fcssen. Stattdessen kein Wort zu der Faschisierung der Republik, die in Riesenschritten voran schreitet. Warum haben sie sich von der Regierungspropaganda bet\u00e4uben lassen?  Warum hetzt eine Zeitung, die man bisher im liberalen Milieu ansiedelte, gegen Corona- Demonstranten? Offen fordert die Zeitung zu Gewalt gegen Testverweigerer und propagiert  Masken- und Impfzwang. In der Art, die man fr\u00fcher nur von der Bild- Zeitung kannte, betreibt sie Stimmungsmache gegen den s\u00e4chsischen Innenminister, weil er nicht hart genug gegen die Leipziger Demonstranten vorgegangen sei, um im gleichen Atemzug die peinliche Schiller- Rede zu loben.<\/p>\n\n\n\n<p>Dass Gr\u00fcne und SPD- Minister sich mit der Staatsgewalt identifizieren und zu entschlossenerem Vorgehen gegen &#8222;marodierende Demonstranten&#8220; aufrufen, verwundert nicht. Die Gr\u00fcnen haben sich schon lange von ihren linken Urspr\u00fcngen getrennt und erwarten nichts sehnlicher, als endlich die Regierungssessel einnehmen zu d\u00fcrfen. Sie im linken Lager zu vermuten, war wohl ein Missverst\u00e4ndniss. <\/p>\n\n\n\n<p>Dass die Scholz- SPD, die dem Abgrund entgegen taumelt, jede linke Verkleidung fallen l\u00e4sst und den Corona- Betrug mitmacht, ist keine \u00dcberraschung. Die Zeiten von Willy Brandt sind l\u00e4ngst vorbei.<\/p>\n\n\n\n<p>Jetzt geht es darum, wer in der sich abzeichnenden Krise zu den Verlierern und wer zu den Gewinnern geh\u00f6ren wird. Wo sind da die Stimmen der linksliberalen Intellektuellen? Warum schweigen Bude und Reckwitz?  Wo ist der Heinrich B\u00f6ll unserer Zeit, wer tritt an die Stelle von G\u00fcnter Grass, Stimmen, die wir dringend brauchen w\u00fcrden? Noch gibt es die M\u00f6glichkeit in den alternativen Medien die Stimme zu erheben und gegen die Faschisierung Stellung zu beziehen. Aber sie haben verstanden, dass es jetzt um die Existenz in der Wohlf\u00fchlblase in einem der reichsten L\u00e4nder der Welt geht. Daher schweigen sie lieber und tolerieren so peinliche Auftritte wie die Schiller- Rede des Schwindlers aus der Charit\u00e8.<\/p>\n\n\n\n<p>Sind die Intellektuellen so saturiert und wollen solange nicht begreifen, bis ihnen ihre beg\u00fcterte, materielle Existenz unter den F\u00fc\u00dfen weggezogen wird?  Und war die Aufregung \u00fcber den Klimawandel nur so lange aktuell, wie die anderen den Preis zahlen und man selber um seine gesellschaftliche Stellung nicht bangen muss? Und war der Einsatz f\u00fcr Migranten eine sch\u00f6ne Pose um eine unabh\u00e4ngige Position zu demonstrieren? <\/p>\n\n\n\n<p>In der Corona- Krise bricht das linksliberale Image zusammen und Positionen, die man als rechts bezeichnet, gewinnen an Verst\u00e4ndnis. Ist das eine Folge davon, dass man Klassenherrschaft leugnet und dauernd  vom &#8222;home office&#8220; schwafelt?<\/p>\n\n\n\n<p><a href=\"https:\/\/www.rubikon.news\/artikel\/revolution-von-oben\">https:\/\/www.rubikon.news\/artikel\/revolution-von-oben<\/a><\/p>\n\n\n\n<blockquote class=\"twitter-tweet\"><p dir=\"ltr\" lang=\"de\">Schweden: Insel der Vernunft und Menschlichkeit in einem Meer von Irrsinn. <a href=\"https:\/\/t.co\/WhEwMzyexR\">https:\/\/t.co\/WhEwMzyexR<\/a><\/p>\u2014 Stefan Homburg (@SHomburg) <a href=\"https:\/\/twitter.com\/SHomburg\/status\/1326099714023043078?ref_src=twsrc%5Etfw\">November 10, 2020<\/a><\/blockquote> <script async=\"\" src=\"https:\/\/platform.twitter.com\/widgets.js\" charset=\"utf-8\"><\/script>\n\n\n\n<p><\/p>\n","protected":false,"gt_translate_keys":[{"key":"rendered","format":"html"}]},"excerpt":{"rendered":"<p>Actually the term left-liberal should be put in quotation marks, it is so discredited, but the corona crisis has shifted all standards and made the assignments of left and right&hellip;<\/p>\n","protected":false,"gt_translate_keys":[{"key":"rendered","format":"html"}]},"author":1,"featured_media":0,"comment_status":"open","ping_status":"open","sticky":false,"template":"","format":"standard","meta":{"footnotes":""},"categories":[45,11],"tags":[385,448,498,497],"class_list":["post-2015","post","type-post","status-publish","format-standard","hentry","category-gesellschaft","category-politik","tag-corona-krise","tag-faschisierung","tag-linksliberalismus","tag-schiller-rede"],"gt_translate_keys":[{"key":"link","format":"url"}],"_links":{"self":[{"href":"https:\/\/andreastriebel.de\/index.php?rest_route=\/wp\/v2\/posts\/2015","targetHints":{"allow":["GET"]}}],"collection":[{"href":"https:\/\/andreastriebel.de\/index.php?rest_route=\/wp\/v2\/posts"}],"about":[{"href":"https:\/\/andreastriebel.de\/index.php?rest_route=\/wp\/v2\/types\/post"}],"author":[{"embeddable":true,"href":"https:\/\/andreastriebel.de\/index.php?rest_route=\/wp\/v2\/users\/1"}],"replies":[{"embeddable":true,"href":"https:\/\/andreastriebel.de\/index.php?rest_route=%2Fwp%2Fv2%2Fcomments&post=2015"}],"version-history":[{"count":7,"href":"https:\/\/andreastriebel.de\/index.php?rest_route=\/wp\/v2\/posts\/2015\/revisions"}],"predecessor-version":[{"id":2023,"href":"https:\/\/andreastriebel.de\/index.php?rest_route=\/wp\/v2\/posts\/2015\/revisions\/2023"}],"wp:attachment":[{"href":"https:\/\/andreastriebel.de\/index.php?rest_route=%2Fwp%2Fv2%2Fmedia&parent=2015"}],"wp:term":[{"taxonomy":"category","embeddable":true,"href":"https:\/\/andreastriebel.de\/index.php?rest_route=%2Fwp%2Fv2%2Fcategories&post=2015"},{"taxonomy":"post_tag","embeddable":true,"href":"https:\/\/andreastriebel.de\/index.php?rest_route=%2Fwp%2Fv2%2Ftags&post=2015"}],"curies":[{"name":"wp","href":"https:\/\/api.w.org\/{rel}","templated":true}]}}