{"id":2025,"date":"2020-11-13T11:48:18","date_gmt":"2020-11-13T10:48:18","guid":{"rendered":"http:\/\/andreastriebel.de\/?p=2025"},"modified":"2020-11-14T19:58:43","modified_gmt":"2020-11-14T18:58:43","slug":"laschet-der-taeter","status":"publish","type":"post","link":"https:\/\/andreastriebel.de\/?p=2025","title":{"rendered":"Laschet, der T\u00e4ter","gt_translate_keys":[{"key":"rendered","format":"text"}]},"content":{"rendered":"\n<p><em>Now the government wants to make masks compulsory for elementary school children as well.<\/em>&#8230;<\/p>\n\n\n\n<p><strong>Jetzt will die Regierung auch f\u00fcr Grundsch\u00fcler die Maskenpflicht im Unterricht vorschreiben.<\/strong><\/p>\n\n\n\n<p>Diese k\u00f6rperlich und geistig unreifen Menschen sind in besonderm Ma\u00dfe durch eine Maske gef\u00e4hrdet. Pl\u00f6tzliches Erbrechen kann  auftreten. Ein Kind kann an dem Erbrochenen ersticken. Das kann so schnell gehen, dass der herbei gerufene Rettungswagen zu sp\u00e4t kommt. Und wenn jetzt Hunderttausende von Kindern zu den Masken gezwungen werden, ist auch damit zu rechnen, dass das passiert. Laschet wird dann die Schuld auf den Schulleiter abw\u00e4lzen wollen, der die Lehrer nicht unterwiesen hat, wie in einem solchen Falle Hilfe zu leisten ist . Die Verantwortung tr\u00e4gt aber Laschet, der die Anweisung gegeben hat. Man wird ihn dann als M\u00f6rder bezeichnen. Die Presse aber wird rufen: &#8222;Beweise, Beweise&#8220;. So hat sie es schon bei den drei Kindern gemacht, die bereits mit Maske umgefallen und  gestorben sind. Und die Corona- Parteien werden seine Immunit\u00e4t nicht aufheben, damit er nicht vor Gericht gestellt werden kann. <\/p>\n\n\n\n<p>Die Masken k\u00f6nnen auch Giftstoffe, z.B. Formaldehyd, enthalten, die die geistige T\u00e4tigkeit l\u00e4hmen. Auch daf\u00fcr will die politische Klasse die Verantwortung nicht \u00fcbernehmen. In verabscheungsw\u00fcrdiger Weise versucht sie hier Oma und Opa dagegen auszuspielen. <\/p>\n\n\n\n<p>Haben nicht gerade die Deutschen schon zwei Diktaturen abgesch\u00fcttelt?<\/p>\n\n\n\n<p><a href=\"https:\/\/www.rubikon.news\/artikel\/staatliche-kindesgefahrdung\">https:\/\/www.rubikon.news\/artikel\/staatliche-kindesgefahrdung<\/a><\/p>\n","protected":false,"gt_translate_keys":[{"key":"rendered","format":"html"}]},"excerpt":{"rendered":"<p>Now the government wants to make masks compulsory for elementary school children as well.&#8230; Jetzt will die Regierung auch f\u00fcr Grundsch\u00fcler die Maskenpflicht im Unterricht vorschreiben. Diese k\u00f6rperlich und geistig&hellip;<\/p>\n","protected":false,"gt_translate_keys":[{"key":"rendered","format":"html"}]},"author":1,"featured_media":0,"comment_status":"open","ping_status":"open","sticky":false,"template":"","format":"standard","meta":{"footnotes":""},"categories":[45,11],"tags":[222,419],"class_list":["post-2025","post","type-post","status-publish","format-standard","hentry","category-gesellschaft","category-politik","tag-laschet","tag-maskenpflicht"],"gt_translate_keys":[{"key":"link","format":"url"}],"_links":{"self":[{"href":"https:\/\/andreastriebel.de\/index.php?rest_route=\/wp\/v2\/posts\/2025","targetHints":{"allow":["GET"]}}],"collection":[{"href":"https:\/\/andreastriebel.de\/index.php?rest_route=\/wp\/v2\/posts"}],"about":[{"href":"https:\/\/andreastriebel.de\/index.php?rest_route=\/wp\/v2\/types\/post"}],"author":[{"embeddable":true,"href":"https:\/\/andreastriebel.de\/index.php?rest_route=\/wp\/v2\/users\/1"}],"replies":[{"embeddable":true,"href":"https:\/\/andreastriebel.de\/index.php?rest_route=%2Fwp%2Fv2%2Fcomments&post=2025"}],"version-history":[{"count":6,"href":"https:\/\/andreastriebel.de\/index.php?rest_route=\/wp\/v2\/posts\/2025\/revisions"}],"predecessor-version":[{"id":2032,"href":"https:\/\/andreastriebel.de\/index.php?rest_route=\/wp\/v2\/posts\/2025\/revisions\/2032"}],"wp:attachment":[{"href":"https:\/\/andreastriebel.de\/index.php?rest_route=%2Fwp%2Fv2%2Fmedia&parent=2025"}],"wp:term":[{"taxonomy":"category","embeddable":true,"href":"https:\/\/andreastriebel.de\/index.php?rest_route=%2Fwp%2Fv2%2Fcategories&post=2025"},{"taxonomy":"post_tag","embeddable":true,"href":"https:\/\/andreastriebel.de\/index.php?rest_route=%2Fwp%2Fv2%2Ftags&post=2025"}],"curies":[{"name":"wp","href":"https:\/\/api.w.org\/{rel}","templated":true}]}}