{"id":2063,"date":"2020-11-22T18:32:39","date_gmt":"2020-11-22T17:32:39","guid":{"rendered":"http:\/\/andreastriebel.de\/?p=2063"},"modified":"2020-11-22T20:43:59","modified_gmt":"2020-11-22T19:43:59","slug":"bochum-21-11-2020-dr-andreas-triebel","status":"publish","type":"post","link":"https:\/\/andreastriebel.de\/?p=2063","title":{"rendered":"Bochum, 21-11-2020, Dr. Andreas Triebel","gt_translate_keys":[{"key":"rendered","format":"text"}]},"content":{"rendered":"\n<p><strong>Fest f\u00fcr Frieden, Freiheit und Liebe &#8211; Querdenken 234<\/strong><\/p>\n\n\n\n<figure class=\"wp-block-image size-large\"><img loading=\"lazy\" decoding=\"async\" width=\"1024\" height=\"576\" src=\"https:\/\/andreastriebel.de\/wp-content\/uploads\/2020\/11\/20201121152659-3-1024x576.jpg\" alt=\"\" class=\"wp-image-2071\" srcset=\"https:\/\/andreastriebel.de\/wp-content\/uploads\/2020\/11\/20201121152659-3-1024x576.jpg 1024w, https:\/\/andreastriebel.de\/wp-content\/uploads\/2020\/11\/20201121152659-3-300x169.jpg 300w, https:\/\/andreastriebel.de\/wp-content\/uploads\/2020\/11\/20201121152659-3-768x432.jpg 768w, https:\/\/andreastriebel.de\/wp-content\/uploads\/2020\/11\/20201121152659-3.jpg 1440w\" sizes=\"auto, (max-width: 1024px) 100vw, 1024px\" \/><\/figure>\n\n\n\n<figure class=\"wp-block-audio\"><audio controls src=\"https:\/\/andreastriebel.de\/wp-content\/uploads\/2020\/11\/21_11_2020_Bochum_Dr_Triebel.mp3\"><\/audio><\/figure>\n\n\n\n<hr class=\"wp-block-separator is-style-wide\"\/>\n\n\n\n<p><\/p>\n\n\n\n<p>Gern h\u00e4tte ich auf dem Dr.- Ruer- Platz gesprochen. Dort hatte ich \u00fcber zwei Jahrzehnte meine \u00e4rztliche Praxis.<\/p>\n\n\n\n<p>Dr. Otto Ruer stammte aus einer j\u00fcdischen Arzt- Familie und war Oberb\u00fcrgermeister von Bochum. 1933 vertrieben ihn die Nazis aus seinem Amt.&nbsp; Dass ich einmal daran erinnern w\u00fcrde, habe ich mir nie vorgestellt.<\/p>\n\n\n\n<p>Nur wenige zweifeln jetzt nach der Verabschiedung des Erm\u00e4chtigungsgesetzes, dass wir wieder eine Situation wie 1933 erleben. Unsere Grundrechte sind aufgehoben und nicht einmal Leib und Leben sind gesch\u00fctzt.<\/p>\n\n\n\n<p>Die politische Klasse greift in die Versorgung von Kranken ein und reduziert die Bettenzahlen in Krankenh\u00e4usern und sogar die Intensivversorgung soll nicht f\u00fcr alle gleich sein.&nbsp; \u00c4rzte d\u00fcrfen nicht mehr nach \u00e4rztlichen Gesichtspunkten und nach Schwere der Erkrankung behandeln, sondern m\u00fcssen dem Diktat der Regierung folgen.<\/p>\n\n\n\n<p>Notwendige Herzoperationen mussten und m\u00fcssen immer noch verschoben werden. Wie viele Herzkranke sind in der Wartezeit schon gestorben? Patienten mit Schlaganfall wurden vor der Corona- Krise schnellstm\u00f6glich versorgt und behandelt.&nbsp; So konnten in vielen F\u00e4llen bleibende Sch\u00e4den vermieden werden. Durch die Vorgaben der Regierung ist das nicht mehr m\u00f6glich.<\/p>\n\n\n\n<p>Viele psychisch Kranke, die ihre traumatischen Erlebnisse verarbeitet hatten, werden nun von den Gespenstern der Vergangenheit verfolgt. Alte Wunden &nbsp;brechen auf. Die Gewalt in den Familien ist um ein Vielfaches angestiegen. Die Selbstmorde h\u00e4ufen sich. Wer z\u00e4hlt die Opfer durch Suizid?<\/p>\n\n\n\n<p>Menschen mit Diabetes trauen sich vor lauter Angst kaum noch in die Praxen. Der Blutzuckerspiegel steigt an und Hilfe bekommen&nbsp; die Patienten nicht.<\/p>\n\n\n\n<p>Stattdessen berichten die Medien t\u00e4glich \u00fcber die Zahl der sogenannten Neuinfektionen. Das ist aber Panikmache, denn in fast allen F\u00e4llen hat gar keine Infektion stattgefunden. Deshalb hat das mit Aufkl\u00e4rung nichts zu tun, sondern ist eine politische Kampagne.<\/p>\n\n\n\n<p>Die Menschen werden zu Masken gezwungen, die sie k\u00f6rperlich und geistig sch\u00e4digen.&nbsp; Sogar Kinder m\u00fcssen in der Schule Masken tragen. Schon drei Kinder sind im Zusammenhang mit dem Tragen der Maske gestorben.&nbsp; Und es werden mehr werden.<\/p>\n\n\n\n<p>Wer \u00fcbernimmt die Verantwortung? Dann bringen die Politiker den Vorwand, dass sie Oma und Opa sch\u00fctzen wollten, niedertr\u00e4chtiger &nbsp;geht es nicht. Daran haben diese Politiker nicht das geringste Interesse.<\/p>\n\n\n\n<p>Warum haben sie denn das Personal in den Krankenh\u00e4usern und Pflegeheimen so ausged\u00fcnnt, dass es jetzt fehlt? Warum haben sie in dem j\u00fcngsten Tarifkampf nur so mickrige Lohnerh\u00f6hungen zugestanden, dass sie nicht einmal die Inflation ausgleichen? Warum sind denn unsere ausgebildeten Altenpfleger in andere Berufe abgewandert?<\/p>\n\n\n\n<p>Weil sie von unserer Regierung mies und mit minderer Achtung behandelt werden. Am Beginn der Corona- Krise mussten sich die Politiker der Corona- Parteien wohl oder \u00fcbel den Beifallsbekundungen der Bev\u00f6lkerung f\u00fcr die Pflegekr\u00e4fte anschlie\u00dfen. An die damals gemachten Versprechungen will sich jetzt keiner erinnern.<\/p>\n\n\n\n<p>Und keiner will \u00fcber die t\u00f6dlichen Folgen dieser schwersten Zivilisationskrise sprechen.&nbsp; Wir d\u00fcrfen aber die Opfer nicht vergessen.<\/p>\n\n\n\n<p><\/p>\n\n\n\n<p> Wo sind all die Menschen hin? <\/p>\n\n\n\n<p>Wo sind sie geblieben?<\/p>\n\n\n\n<p> \u00dcber Gr\u00e4bern weht der Wind, <\/p>\n\n\n\n<p>wann wird man je verstehn,<\/p>\n\n\n\n<p> wann wird man je verstehn?<\/p>\n","protected":false,"gt_translate_keys":[{"key":"rendered","format":"html"}]},"excerpt":{"rendered":"<p>Fest f\u00fcr Frieden, Freiheit und Liebe &#8211; Querdenken 234 Gern h\u00e4tte ich auf dem Dr.- Ruer- Platz gesprochen. Dort hatte ich \u00fcber zwei Jahrzehnte meine \u00e4rztliche Praxis. Dr. Otto Ruer&hellip;<\/p>\n","protected":false,"gt_translate_keys":[{"key":"rendered","format":"html"}]},"author":1,"featured_media":0,"comment_status":"open","ping_status":"open","sticky":false,"template":"","format":"standard","meta":{"footnotes":""},"categories":[45,11],"tags":[385,501,502,504,503],"class_list":["post-2063","post","type-post","status-publish","format-standard","hentry","category-gesellschaft","category-politik","tag-corona-krise","tag-dr-otto-ruer","tag-ermaechtigungsgesetz","tag-masken","tag-neuinfektionen"],"gt_translate_keys":[{"key":"link","format":"url"}],"_links":{"self":[{"href":"https:\/\/andreastriebel.de\/index.php?rest_route=\/wp\/v2\/posts\/2063","targetHints":{"allow":["GET"]}}],"collection":[{"href":"https:\/\/andreastriebel.de\/index.php?rest_route=\/wp\/v2\/posts"}],"about":[{"href":"https:\/\/andreastriebel.de\/index.php?rest_route=\/wp\/v2\/types\/post"}],"author":[{"embeddable":true,"href":"https:\/\/andreastriebel.de\/index.php?rest_route=\/wp\/v2\/users\/1"}],"replies":[{"embeddable":true,"href":"https:\/\/andreastriebel.de\/index.php?rest_route=%2Fwp%2Fv2%2Fcomments&post=2063"}],"version-history":[{"count":10,"href":"https:\/\/andreastriebel.de\/index.php?rest_route=\/wp\/v2\/posts\/2063\/revisions"}],"predecessor-version":[{"id":2076,"href":"https:\/\/andreastriebel.de\/index.php?rest_route=\/wp\/v2\/posts\/2063\/revisions\/2076"}],"wp:attachment":[{"href":"https:\/\/andreastriebel.de\/index.php?rest_route=%2Fwp%2Fv2%2Fmedia&parent=2063"}],"wp:term":[{"taxonomy":"category","embeddable":true,"href":"https:\/\/andreastriebel.de\/index.php?rest_route=%2Fwp%2Fv2%2Fcategories&post=2063"},{"taxonomy":"post_tag","embeddable":true,"href":"https:\/\/andreastriebel.de\/index.php?rest_route=%2Fwp%2Fv2%2Ftags&post=2063"}],"curies":[{"name":"wp","href":"https:\/\/api.w.org\/{rel}","templated":true}]}}