{"id":210,"date":"2015-11-15T18:56:02","date_gmt":"2015-11-15T18:56:02","guid":{"rendered":"http:\/\/andreastriebel.de\/?p=210"},"modified":"2017-06-28T19:25:41","modified_gmt":"2017-06-28T19:25:41","slug":"leiden-der-voelker-arabiens-und-des-nahen-ostens","status":"publish","type":"post","link":"https:\/\/andreastriebel.de\/?p=210","title":{"rendered":"Leiden der V\u00f6lker Arabiens und des Nahen Ostens","gt_translate_keys":[{"key":"rendered","format":"text"}]},"content":{"rendered":"<p>Ich m\u00f6chte nicht in Paris gewesen sein und ich h\u00e4tte es als furchtbar erlebt, wenn meine Familie von den Attentaten getroffen worden w\u00e4re. Was m\u00fcssen die Pal\u00e4stinenser leiden, wenn die Killerkommandos des Nachbarstaates nachts in ihre H\u00e4user eindringen und alles was lebt erschie\u00dfen. Seit Jahrzehnten wird ihre Gegenwehr unter dem Beifall der westlichen Staaten niedergeschlagen. Und wenn sie einmal aufmucken, f\u00e4llt eine ganze Armee \u00fcber sie her.\u00a0Und die Nachbarl\u00e4nder m\u00fcssen die islamistischen R\u00e4uberbanden ertragen. Mit saudischen Milliarden aufgep\u00e4ppelt ersticken die sunnitischen Schl\u00e4chter den arabischen Fr\u00fchling. Hunderttausendfach m\u00fcssen die V\u00f6lker Iraks, Libyens und Syriens die Attentate erdulden. Paris liegt auch in Bagdad, Tripolis und Damaskus.<\/p>\n","protected":false,"gt_translate_keys":[{"key":"rendered","format":"html"}]},"excerpt":{"rendered":"<p>Ich m\u00f6chte nicht in Paris gewesen sein und ich h\u00e4tte es als furchtbar erlebt, wenn meine Familie von den Attentaten getroffen worden w\u00e4re. Was m\u00fcssen die Pal\u00e4stinenser leiden, wenn die&hellip;<\/p>\n","protected":false,"gt_translate_keys":[{"key":"rendered","format":"html"}]},"author":1,"featured_media":0,"comment_status":"open","ping_status":"open","sticky":false,"template":"","format":"standard","meta":{"footnotes":""},"categories":[11],"tags":[86,82,85],"class_list":["post-210","post","type-post","status-publish","format-standard","hentry","category-politik","tag-naher-osten","tag-palaestina","tag-paris"],"gt_translate_keys":[{"key":"link","format":"url"}],"_links":{"self":[{"href":"https:\/\/andreastriebel.de\/index.php?rest_route=\/wp\/v2\/posts\/210","targetHints":{"allow":["GET"]}}],"collection":[{"href":"https:\/\/andreastriebel.de\/index.php?rest_route=\/wp\/v2\/posts"}],"about":[{"href":"https:\/\/andreastriebel.de\/index.php?rest_route=\/wp\/v2\/types\/post"}],"author":[{"embeddable":true,"href":"https:\/\/andreastriebel.de\/index.php?rest_route=\/wp\/v2\/users\/1"}],"replies":[{"embeddable":true,"href":"https:\/\/andreastriebel.de\/index.php?rest_route=%2Fwp%2Fv2%2Fcomments&post=210"}],"version-history":[{"count":2,"href":"https:\/\/andreastriebel.de\/index.php?rest_route=\/wp\/v2\/posts\/210\/revisions"}],"predecessor-version":[{"id":232,"href":"https:\/\/andreastriebel.de\/index.php?rest_route=\/wp\/v2\/posts\/210\/revisions\/232"}],"wp:attachment":[{"href":"https:\/\/andreastriebel.de\/index.php?rest_route=%2Fwp%2Fv2%2Fmedia&parent=210"}],"wp:term":[{"taxonomy":"category","embeddable":true,"href":"https:\/\/andreastriebel.de\/index.php?rest_route=%2Fwp%2Fv2%2Fcategories&post=210"},{"taxonomy":"post_tag","embeddable":true,"href":"https:\/\/andreastriebel.de\/index.php?rest_route=%2Fwp%2Fv2%2Ftags&post=210"}],"curies":[{"name":"wp","href":"https:\/\/api.w.org\/{rel}","templated":true}]}}