{"id":2179,"date":"2020-12-26T09:03:13","date_gmt":"2020-12-26T08:03:13","guid":{"rendered":"http:\/\/andreastriebel.de\/?p=2179"},"modified":"2020-12-29T07:37:34","modified_gmt":"2020-12-29T06:37:34","slug":"ihr-habt-den-journalismus-verraten","status":"publish","type":"post","link":"https:\/\/andreastriebel.de\/?p=2179","title":{"rendered":"Ihr habt den Journalismus verraten!","gt_translate_keys":[{"key":"rendered","format":"text"}]},"content":{"rendered":"\n<p><em>You, W. Bartens, C. Berndt, M. Hengstenberg, U. von Rauchhaupt, from the &#8222;quality media&#8220;, have told your colleagues and the audience the fairy tale of the extraordinarily deadly virus&#8230;.<\/em><\/p>\n\n\n\n<p><strong>Ihr, W. Bartens, C. Berndt, M. Hengstenberg, U. von Rauchhaupt, von den &#8222;Qualit\u00e4tsmedien&#8220;, habt Euren Kollegen und dem Publikum die M\u00e4r vom au\u00dferordentlich t\u00f6dlichen Virus erz\u00e4hlt. <\/strong><\/p>\n\n\n\n<p><strong>Obwohl schon Anfang April klar war, dass das Virus auf dem R\u00fcckzug war und vergleichsweise geringe Sch\u00e4den angerichtet hatte, habt Ihr weiter Angst und Schrecken unter der Bev\u00f6lkerung verbreitet. <\/strong><\/p>\n\n\n\n<p>Ihr habt die Regierung bei ihrem hinterh\u00e4ltigen Angriff auf die Grundrechte nach Kr\u00e4ften unterst\u00fctzt. Wider besseres Wissen seid Ihr den Weisungen der Chefredakteure gefolgt und habt  ohne R\u00fccksicht auf Verluste schwere Sch\u00e4den angerichtet. F\u00fcr die gr\u00f6\u00dfte Zivilisationskrise seit dem zweiten Weltkrieg seid Ihr entscheidend mitverantwortlich. Ihr seid nicht besser als es Eure Kollegen vom &#8222;V\u00f6lkischen Beobachter&#8220; oder dem &#8222;St\u00fcrmer&#8220; gewesen sind. Spitzelei und Denunziantentum gehen auf Eure Rechnung. Die Verwandlung eines halbwegs funktionierenden Rechtsstaats in einen totalit\u00e4ren Staat, regiert von Faschisten der neuen Art, das ist Euer Werk.<\/p>\n\n\n\n<p>Ihr habt zu Gewalt gegen die Gegner der Faschisierung (C. Berndt) aufgerufen, Ihr habt wie die Nazis die Gegner ver\u00e4chtlich gemacht. Ihr habt von rechter Gefahr geschwafelt und von Antisemitismus und habt so Euren eigenen Rassismus verdeckt.<\/p>\n\n\n\n<p>Als immer deutlicher wurde, dass die Regierung eine politische Kampagne zur Abschaffung der Grundrechte betrieb, habt Ihr begeistert mitgemacht und immer neue Geschichten vom angeblich b\u00f6sartigen Virus erfunden.<\/p>\n\n\n\n<p>Die schweren Sch\u00e4den der Menschen durch die Berufsverbote habt Ihr gerechtfertigt. Das unglaubliche Leid der alten Menschen, die ausgesondert und von Kontakten abgeschnitten wurden und in Altersheimen dahin vegetieren m\u00fcssen, hat Euch kalt gelassen.. Die Kranken in den Krankenh\u00e4usern, die nicht mehr besucht werden k\u00f6nnen und allein sterben m\u00fcssen, haben Euch nicht interessiert. Ihr habt die gr\u00f6\u00dfte zivilisatorische Katastrophe angerichtet und seid immer noch dabei. <\/p>\n\n\n\n<p>Wer soll euch noch glauben, wenn Ihr von Feminismus schreibt oder \u00fcber Umweltzerst\u00f6rung? Das waren offenbar alles nur Ausweichthemen. Eure Privilegien sind Euch das Wichtigste. Solange Ihr es Euch im home office gem\u00fctlich machen oder im Porsche Cayenne zur Arbeit fahren k\u00f6nnt,  erfindet Ihr vorbehaltlos Rechtfertigungen.<\/p>\n\n\n\n<p>Dass die Klamotten, die Ihr tragt, von Arbeitern in Pakistan in einem zw\u00f6lf Stunden Tag  hergestellt werden, soll m\u00f6glichst niemand erfahren. Dass Eure Laptops und Smartphones mit Materialien hergestellt wurden, die den Afrikanern gestohlen wurden, wen geht das etwas an? Ihr bejubelt die steigenden Aktienkurse, weil Ihr auch an den Kursgewinnen teilhaben wollt. <\/p>\n\n\n\n<p>Die Errungenschaften der Aufkl\u00e4rung, die abendl\u00e4ndischen Werte, das ist alles nur hohles Geschw\u00e4tz, sobald es um die Privilegien Eurer Klasse geht. Dann holt Ihr den Kn\u00fcppel heraus, und lasst Polizei und Justiz ihre Arbeit verrichten.<\/p>\n\n\n\n<p>Gegen Euch war Relotius nur ein kleiner Fisch, der Eure Methoden durchschaute und es Euch gleich tun wollte. O. Lafontaine, ein intimer Kenner Eures Betriebs, hat Euch schon die richtige Bezeichnung gegeben. Ob er wohl schon das gewaltige Ausma\u00df Eures Betruges ahnte? Dagegen sind die Kampagnen gegen General Kie\u00dfling und gegen den Bundespr\u00e4sidenten Wulf nur Kleinigkeiten.<\/p>\n\n\n\n<p>Wenn Ihr vor der Wahrheitskommission stehen werdet, wie sie nach dem Ende des Apartheidregimes in S\u00fcdafrika eingerichtet wurde, ob Ihr dann auch so glimpflich davon kommen werdet? Eher ist wohl an die N\u00fcrnberger Prozesse zu denken.<\/p>\n\n\n\n<p><a href=\"https:\/\/www.rubikon.news\/artikel\/schwarze-weihnacht\">https:\/\/www.rubikon.news\/artikel\/schwarze-weihnacht<\/a><\/p>\n","protected":false,"gt_translate_keys":[{"key":"rendered","format":"html"}]},"excerpt":{"rendered":"<p>You, W. Bartens, C. Berndt, M. Hengstenberg, U. von Rauchhaupt, from the &#8222;quality media&#8220;, have told your colleagues and the audience the fairy tale of the extraordinarily deadly virus&#8230;. Ihr,&hellip;<\/p>\n","protected":false,"gt_translate_keys":[{"key":"rendered","format":"html"}]},"author":1,"featured_media":0,"comment_status":"open","ping_status":"open","sticky":false,"template":"","format":"standard","meta":{"footnotes":""},"categories":[45,11],"tags":[385,474,464,524],"class_list":["post-2179","post","type-post","status-publish","format-standard","hentry","category-gesellschaft","category-politik","tag-corona-krise","tag-faschismus","tag-nazi","tag-nuernberger-prozesse"],"gt_translate_keys":[{"key":"link","format":"url"}],"_links":{"self":[{"href":"https:\/\/andreastriebel.de\/index.php?rest_route=\/wp\/v2\/posts\/2179","targetHints":{"allow":["GET"]}}],"collection":[{"href":"https:\/\/andreastriebel.de\/index.php?rest_route=\/wp\/v2\/posts"}],"about":[{"href":"https:\/\/andreastriebel.de\/index.php?rest_route=\/wp\/v2\/types\/post"}],"author":[{"embeddable":true,"href":"https:\/\/andreastriebel.de\/index.php?rest_route=\/wp\/v2\/users\/1"}],"replies":[{"embeddable":true,"href":"https:\/\/andreastriebel.de\/index.php?rest_route=%2Fwp%2Fv2%2Fcomments&post=2179"}],"version-history":[{"count":8,"href":"https:\/\/andreastriebel.de\/index.php?rest_route=\/wp\/v2\/posts\/2179\/revisions"}],"predecessor-version":[{"id":2197,"href":"https:\/\/andreastriebel.de\/index.php?rest_route=\/wp\/v2\/posts\/2179\/revisions\/2197"}],"wp:attachment":[{"href":"https:\/\/andreastriebel.de\/index.php?rest_route=%2Fwp%2Fv2%2Fmedia&parent=2179"}],"wp:term":[{"taxonomy":"category","embeddable":true,"href":"https:\/\/andreastriebel.de\/index.php?rest_route=%2Fwp%2Fv2%2Fcategories&post=2179"},{"taxonomy":"post_tag","embeddable":true,"href":"https:\/\/andreastriebel.de\/index.php?rest_route=%2Fwp%2Fv2%2Ftags&post=2179"}],"curies":[{"name":"wp","href":"https:\/\/api.w.org\/{rel}","templated":true}]}}