{"id":2187,"date":"2020-12-25T16:38:29","date_gmt":"2020-12-25T15:38:29","guid":{"rendered":"http:\/\/andreastriebel.de\/?p=2187"},"modified":"2020-12-25T21:44:51","modified_gmt":"2020-12-25T20:44:51","slug":"erklaerung-der-mediziner-und-wissenschaftler-fuer-gesundheit-freiheit-und-demokratie","status":"publish","type":"post","link":"https:\/\/andreastriebel.de\/?p=2187","title":{"rendered":"Erkl\u00e4rung der Mediziner und Wissenschaftler f\u00fcr Gesundheit, Freiheit und Demokratie","gt_translate_keys":[{"key":"rendered","format":"text"}]},"content":{"rendered":"\n<h4 class=\"wp-block-heading\"><strong>Erkl\u00e4rung des MWGFD e.V. zu Vorw\u00fcrfen gegen\u00fcber mehreren \u00c4rzten<\/strong><\/h4>\n\n\n\n<h4 class=\"wp-block-heading\">Statement of the MWGFD e.V. on allegations against several physicians<\/h4>\n\n\n\n<p>I<em>n recent weeks, several doctors&#8216; residences and practices have been searched by police on charges of &#8222;issuing incorrect health certificates.&#8220; What was meant was the issuance of certificates for mask exemption&#8230;.<\/em><\/p>\n\n\n\n<p>In den letzten Wochen wurden mehrere Wohnh\u00e4user und Praxen von \u00c4rzten polizeilich durchsucht unter dem Vorwurf des \u201eAusstellens unrichtiger Gesundheitszeugnisse\u201c. Gemeint war die Ausstellung von Attesten f\u00fcr eine Maskenbefreiung.&nbsp;<\/p>\n\n\n\n<p>Gest\u00fctzt auf internationale Fachliteratur, die weiter unten zitiert wird, erkl\u00e4rt der MWGFD e.V. hierzu folgendes. Der Verein stellt sich gegen die Maskenpflicht in der \u00d6ffentlichkeit, weil dieser Zwang medizinisch unbegr\u00fcndet ist und das Maskentragen selbst vielf\u00e4ltige Gesundheitssch\u00e4den erzeugt. Beim Ausstellen von Attesten zur Maskenbefreiung an hilfesuchenden Patientinnen und Patienten lassen sich \u00e4rztliche Kolleginnen und Kollegen von folgenden wissenschaftlich belegbaren Tatsachen leiten:<\/p>\n\n\n\n<p><strong>A)<\/strong> Umfangreiche epidemiologische Studien haben klar aufgezeigt, dass Menschen ohne Erkrankungssymptome die Lungenentz\u00fcndung COVID-19 nicht in der allgemeinen \u00d6ffentlichkeit verbreiten (1, 2). Eine Virus\u00fcbertragung durch symptomlose Menschen kann gelegentlich, wenn auch selten, unter Mitgliedern eines Haushalts stattfinden, f\u00fchrt dann aber nie zur schweren Erkrankung. Die Virus\u00fcbertragung au\u00dferhalb eines Haushalts ist ein sehr seltenes Ereignis und f\u00fchrt auch nie zur Lungenentz\u00fcndung. Dies h\u00e4ngt wahrscheinlich mit der verschwindend kleinen Viruslast zusammen, die in die Atemluft abgegeben wird (3). Kein Ausbruch von COVID-19 (der Lungenentz\u00fcndung) ist weltweit jemals von Schulen, Ausbildungsst\u00e4tten oder Universit\u00e4ten ausgegangen. Damit ist die vorgetragene Begr\u00fcndung der Sinnhaftigkeit und Notwendigkeit einer generellen Maskenpflicht in der allgemeinen \u00d6ffentlichkeit und insbesondere an Schulen null und nichtig.<\/p>\n\n\n\n<p><strong>B)<\/strong> Die Tatsache, dass verordnete Ma\u00dfnahmen wie Maskentragen das Infektionsgeschehen nicht relevant beeinflussen, ist bekannt. Das renommierte unabh\u00e4ngige US-Institut \u201eNational Bureau of Economic Research\u201c (NBER) kommt in seiner Metaanalyse mit Daten von 24 L\u00e4ndern und 25 US-Bundesstaaten zu diesem Ergebnis (4). In einer weiteren Studie, in der 180 L\u00e4nder hinsichtlich des Einflusses verschiedener Faktoren verglichen wurden, zeigte sich ebenfalls, dass die Reaktion der Regierungen keinen Einfluss auf die Anzahl an Todesf\u00e4llen hatte, sondern andere Faktoren ausschlaggebend waren (5).<\/p>\n\n\n\n<p><strong>C)<\/strong> Statt Nutzen birgt das Tragen von Masken aber vielf\u00e4ltige Gesundheitsgefahren (6). Allein die Tatsache, dass eine ausgepr\u00e4gte Kohlendioxid-R\u00fcckatmung stattfindet, begr\u00fcndet rechtliche Zweifel an der Maskenpflicht. Die Kohlendioxid-Konzentration der Atmosph\u00e4re, also auch der Luft im Freien betr\u00e4gt 0,04 Volumenprozent (vol%). Das Umwelt-Bundesamt gibt als bedenkliche CO<sub>2<\/sub>-Konzentration eine \u00dcberschreitung von 0,2 vol% an. Diese wird auch als Grenzwert f\u00fcr Kinder und Schwangere angesehen. Die maximale Arbeitsplatzkonzentration (MAK), also der Wert, der gesunden Erwachsenen am Arbeitsplatz zumutbar ist, liegt bei 0,5 vol%.&nbsp;<\/p>\n\n\n\n<p>Bereits im September 2020 hat eine Messung an drei Probanden (zwei Erwachsene und ein Kind) durch Dr. Helmut Traindl ergeben, dass die CO<sub>2<\/sub> Konzentration hinter Stoffmasken gesundheitsbedrohliche Ausma\u00dfe erreicht (7). Ein S\u00fcdtiroler Team hat in einer j\u00fcngsten Studie die CO<sub>2<\/sub>-Werte der eingeatmeten Luft hinter Stoffmasken bei 24 Personen (darunter sieben Kinder) gemessen. Die ermittelten Werten lagen zwischen 0,8 und 2,4 vol% \u2013 der niedrigste Wert war somit deutlich und der h\u00f6chste Wert fast f\u00fcnfmal so hoch wie die zul\u00e4ssige Konzentration am Arbeitsplatz eines Erwachsenen (8).&nbsp; Kinder haben einen deutlichen h\u00f6heren Sauerstoffbedarf als Erwachsene und reagieren viel empfindlicher auf jegliche Erh\u00f6hungen von Kohlendioxid. Die gemessenen Konzentrationen hinter den Masken lagen 4 bis 12-fach h\u00f6her als der bei Kindern festgesetzte H\u00f6chstwert von 0,2 vol%.<\/p>\n\n\n\n<p>Die Erh\u00f6hung der Kohlendioxidkonzentration in der eingeatmeten Luft f\u00fchrt zu typischen Symptomen von Kopfschmerzen, Konzentrationsst\u00f6rung, Schwindel, \u00dcbelkeit, Herzrhythmusst\u00f6rungen, Blutdruckproblemen bis hin zum Kreislaufkollaps. Dies sind Beschwerden, die \u00c4rzten tagt\u00e4glich von Maskentr\u00e4gern geschildert werden.<br>Dazu kommen noch psychische Probleme, wie Angst und Panik beim Maskentragen.<\/p>\n\n\n\n<p><strong>D)<\/strong> Zusammengefasst kann kein Zweifel bestehen, dass eine generelle Maskenpflicht in Schulen oder in der \u00d6ffentlichkeit mit den geltenden Gesetzen zum Gesundheitsschutz unvereinbar ist. Es ist die Pflicht eines jeden verantwortungsvollen Arztes, sich \u00fcber diese Fakten zu informieren und mit diesem Wissen die Gesundheit der Patientinnen und Patienten zu sch\u00fctzen und zu bewahren. Die Atteste ausstellenden Kolleginnen und Kollegen haben somit lediglich ihre Pflicht erf\u00fcllt. Der MWGFD e. V. steht uneingeschr\u00e4nkt zu ihnen und ihrem \u00e4rztlichen Handeln.<\/p>\n\n\n\n<p><strong>Quellenangaben:<\/strong><\/p>\n\n\n\n<ol class=\"wp-block-list\"><li><a href=\"https:\/\/pubmed.ncbi.nlm.nih.gov\/32453686\/pshttps:\/\/www.nature.com\/ar\" target=\"_blank\" rel=\"noreferrer noopener\">https:\/\/pubmed.ncbi.nlm.nih.gov\/32453686\/pshttps:\/\/www.nature.com\/ar<\/a><\/li><li><a href=\"https:\/\/www.nature.com\/articles\/s41467-020-19802-w\" target=\"_blank\" rel=\"noreferrer noopener\">https:\/\/www.nature.com\/articles\/s41467-020-19802-w<\/a><\/li><li><a href=\"https:\/\/www.nature.com\/articles\/s41591-020-0843-2\" target=\"_blank\" rel=\"noreferrer noopener\">https:\/\/www.nature.com\/articles\/s41591-020-0843-2<\/a><\/li><li><a href=\"https:\/\/www.nber.org\/system\/files\/working_papers\/w27719\/w27719.pdf\" target=\"_blank\" rel=\"noreferrer noopener\">https:\/\/www.nber.org\/system\/files\/working_papers\/w27719\/w27719.pdf<\/a><\/li><li><a href=\"https:\/\/www.frontiersin.org\/articles\/10.3389\/fpubh.2020.604339\/full\" target=\"_blank\" rel=\"noreferrer noopener\">https:\/\/www.frontiersin.org\/articles\/10.3389\/fpubh.2020.604339\/full<\/a><\/li><li><a href=\"https:\/\/www.thieme-connect.com\/products\/ejournals\/abstract\/10.1055\/a-1174-6591\">https:\/\/www.thieme-connect.com\/products<\/a><a href=\"https:\/\/www.thieme-connect.com\/products\/ejournals\/abstract\/10.1055\/a-1174-6591\" target=\"_blank\" rel=\"noreferrer noopener\">\/ejournals\/abstract\/10.1055\/a-1174-6591<\/a><\/li><li><a href=\"https:\/\/www.afa-zone.at\/kostenlose-info-downloads\/\" target=\"_blank\" rel=\"noreferrer noopener\">https:\/\/www.afa-zone.at\/kostenlose-info-downloads\/<\/a><\/li><li><a href=\"https:\/\/2020news.de\/italien-studie-belegt-stark-erhoehten-co2-wert-unter-der-maske\/\" target=\"_blank\" rel=\"noreferrer noopener\">https:\/\/2020news.de\/italien-studie-belegt-stark-erhoehten-co2-wert-unter-der-maske\/<\/a><\/li><\/ol>\n\n\n\n<h4 class=\"wp-block-heading\"><\/h4>\n\n\n\n<figure class=\"wp-block-image size-large\"><img loading=\"lazy\" decoding=\"async\" width=\"730\" height=\"905\" src=\"https:\/\/andreastriebel.de\/wp-content\/uploads\/2020\/12\/Ep27CYvXMAEWNyu.jpg\" alt=\"\" class=\"wp-image-2193\" srcset=\"https:\/\/andreastriebel.de\/wp-content\/uploads\/2020\/12\/Ep27CYvXMAEWNyu.jpg 730w, https:\/\/andreastriebel.de\/wp-content\/uploads\/2020\/12\/Ep27CYvXMAEWNyu-242x300.jpg 242w\" sizes=\"auto, (max-width: 730px) 100vw, 730px\" \/><\/figure>\n","protected":false,"gt_translate_keys":[{"key":"rendered","format":"html"}]},"excerpt":{"rendered":"<p>Erkl\u00e4rung des MWGFD e.V. zu Vorw\u00fcrfen gegen\u00fcber mehreren \u00c4rzten Statement of the MWGFD e.V. on allegations against several physicians In recent weeks, several doctors&#8216; residences and practices have been searched&hellip;<\/p>\n","protected":false,"gt_translate_keys":[{"key":"rendered","format":"html"}]},"author":1,"featured_media":0,"comment_status":"open","ping_status":"open","sticky":false,"template":"","format":"standard","meta":{"footnotes":""},"categories":[11],"tags":[401,525,419],"class_list":["post-2187","post","type-post","status-publish","format-standard","hentry","category-politik","tag-covid-19-2","tag-kohlendioxid","tag-maskenpflicht"],"gt_translate_keys":[{"key":"link","format":"url"}],"_links":{"self":[{"href":"https:\/\/andreastriebel.de\/index.php?rest_route=\/wp\/v2\/posts\/2187","targetHints":{"allow":["GET"]}}],"collection":[{"href":"https:\/\/andreastriebel.de\/index.php?rest_route=\/wp\/v2\/posts"}],"about":[{"href":"https:\/\/andreastriebel.de\/index.php?rest_route=\/wp\/v2\/types\/post"}],"author":[{"embeddable":true,"href":"https:\/\/andreastriebel.de\/index.php?rest_route=\/wp\/v2\/users\/1"}],"replies":[{"embeddable":true,"href":"https:\/\/andreastriebel.de\/index.php?rest_route=%2Fwp%2Fv2%2Fcomments&post=2187"}],"version-history":[{"count":6,"href":"https:\/\/andreastriebel.de\/index.php?rest_route=\/wp\/v2\/posts\/2187\/revisions"}],"predecessor-version":[{"id":2194,"href":"https:\/\/andreastriebel.de\/index.php?rest_route=\/wp\/v2\/posts\/2187\/revisions\/2194"}],"wp:attachment":[{"href":"https:\/\/andreastriebel.de\/index.php?rest_route=%2Fwp%2Fv2%2Fmedia&parent=2187"}],"wp:term":[{"taxonomy":"category","embeddable":true,"href":"https:\/\/andreastriebel.de\/index.php?rest_route=%2Fwp%2Fv2%2Fcategories&post=2187"},{"taxonomy":"post_tag","embeddable":true,"href":"https:\/\/andreastriebel.de\/index.php?rest_route=%2Fwp%2Fv2%2Ftags&post=2187"}],"curies":[{"name":"wp","href":"https:\/\/api.w.org\/{rel}","templated":true}]}}