{"id":2269,"date":"2021-01-18T21:07:36","date_gmt":"2021-01-18T20:07:36","guid":{"rendered":"http:\/\/andreastriebel.de\/?p=2269"},"modified":"2021-01-18T21:07:37","modified_gmt":"2021-01-18T20:07:37","slug":"die-unselige-impfkampagne-und-der-impfausweis","status":"publish","type":"post","link":"https:\/\/andreastriebel.de\/?p=2269","title":{"rendered":"Die unselige Impfkampagne und der Impfausweis","gt_translate_keys":[{"key":"rendered","format":"text"}]},"content":{"rendered":"\n<p><strong>Kann man bald ohne Impfausweis nicht mehr ins Ausland reisen?<\/strong><\/p>\n\n\n\n<p><em>Will it soon be impossible to travel abroad without a vaccination card? <\/em>T<em>he Jewish star, after all, had a history of several hundred years and affected one part of the population, while the other part could think itself safe. Now the CDU\/SPD unity government is creating the division of the people with the help of the vaccination passport at breakneck speed.<\/em>&#8230;<\/p>\n\n\n\n<p><strong>Der Judenstern hatte immerhin eine mehrhundertj\u00e4hrige Vorgeschichte und betraf einen Teil der Bev\u00f6lkerung, w\u00e4hrend sich der andere Teil sicher w\u00e4hnen konnte. Jetzt schafft die CDU\/SPD- Einheitsregierung die Spaltung des Volkes mit Hilfe des Impfpasses in rasender Geschwindigkeit.<\/strong><\/p>\n\n\n\n<p>Ja, vorerst ist die eingeschr\u00e4nkte Reisem\u00f6glichkeit zu erwarten, aber wahrscheinlicher ist der Zusammenbruch der Impfkampagne.&nbsp; Im Moment sind die t\u00f6dlichen Folgen der Impfung noch nicht zahlreich genug und Medien und Regierung k\u00f6nnen behaupten, dass kein Zusammenhang zwischen Tod und Impfung bestehen w\u00fcrde. Auf die Dauer werden sie aber eine Todesstatistik und eine Obduktion nicht verweigern k\u00f6nnen. Und es wird sich wohl ein mutiger Pathologe finden, der die Impfopfer untersucht und seine Ergebnisse mitteilt. Das wird die Mainstream- Presse dann wieder unterdr\u00fccken, so wie sie es mit den Untersuchungsergebnissen von Prof. P\u00fcschel zu den sogenannten Corona- Toten gemacht hat.<\/p>\n\n\n\n<p>Und die sehr schweren Nervensch\u00e4digungen und Sch\u00fcttell\u00e4hmungen, die bisher aufgetreten sind, werden jeden, der sich informiert, davon abhalten, die Impfung auf sich zu nehmen.<\/p>\n\n\n\n<p>Aber, wenn man sieht, dass noch nicht einmal \u00c4rzte sich vorstellen k\u00f6nnen, dass eine Fieberattacke oder ein Sch\u00fcttelfrost einen hochbetagten, alten Menschen umbringen k\u00f6nnen, muss man erkennen, dass es noch eine Weile dauern wird, bis die Regierung gezwungen wird, das Impf- Programm einzustellen.<\/p>\n\n\n\n<p>Man muss bef\u00fcrchten, dass die Regierung andere Mittel und Wege finden wird, um das Reisen zu unterbinden. Wahrscheinlich aber wird der wirtschaftliche Zusammenbruch diese Frage in den Hintergrund treten lassen. Selbst wer genug materielle Mittel hat, um Reisen zu k\u00f6nnen, wird durch die Zerst\u00f6rung der Infrastruktur am Reisen gehindert werden.<\/p>\n\n\n\n<p>Und der Hunger in den \u00e4rmeren L\u00e4ndern, der jetzt noch verschwiegen wird, wird auch Westeuropa erreichen. Ob dann noch die Tafeln f\u00fcr die Armenspeisungen mit den \u00fcbrig gebliebenen Resten, bzw. mit dem \u00dcberfluss aus den Superm\u00e4rkten best\u00fcckt werden k\u00f6nnen? Eher ist zu erwarten, dass keine Reste mehr entstehen und kein \u00dcberfluss herrscht, dass der Hunger auch in den reichen L\u00e4ndern Einzug h\u00e4lt.<\/p>\n\n\n\n<p>Und die alten, politischen Eliten werden weiter verzweifelt versuchen, das Grippevirus f\u00fcr den Niedergang verantwortlich zu machen. Die wirtschaftliche Katastrophe zeichnete sich aber schon sp\u00e4testens 2019 ab. Die \u00dcberproduktion von G\u00fctern hatte gigantische Ausma\u00dfe angenommen. Der Konsum lie\u00df sich in der&nbsp; wohlhabenderen Schichten nicht mehr steigern, w\u00e4hrend der Konsum in der \u00e4rmeren Bev\u00f6lkerung zur\u00fcckging. Durch die Nullzinspolitik wurde das Sparen zu einem schlechten Gesch\u00e4ft f\u00fcr den normalen B\u00fcrger. Eine vollst\u00e4ndige Enteignung der Normalbev\u00f6lkerung konnte aber erst unter dem Corona- Label betrieben werden.<\/p>\n\n\n\n<p>Vor diesem Hintergrund wird die Frage der Auslandsreisen zu einem kleineren Problem.<\/p>\n\n\n\n<p><\/p>\n","protected":false,"gt_translate_keys":[{"key":"rendered","format":"html"}]},"excerpt":{"rendered":"<p>Kann man bald ohne Impfausweis nicht mehr ins Ausland reisen? Will it soon be impossible to travel abroad without a vaccination card? The Jewish star, after all, had a history&hellip;<\/p>\n","protected":false,"gt_translate_keys":[{"key":"rendered","format":"html"}]},"author":1,"featured_media":0,"comment_status":"open","ping_status":"open","sticky":false,"template":"","format":"standard","meta":{"footnotes":""},"categories":[45,11],"tags":[385,414,533],"class_list":["post-2269","post","type-post","status-publish","format-standard","hentry","category-gesellschaft","category-politik","tag-corona-krise","tag-impfung","tag-judenstern"],"gt_translate_keys":[{"key":"link","format":"url"}],"_links":{"self":[{"href":"https:\/\/andreastriebel.de\/index.php?rest_route=\/wp\/v2\/posts\/2269","targetHints":{"allow":["GET"]}}],"collection":[{"href":"https:\/\/andreastriebel.de\/index.php?rest_route=\/wp\/v2\/posts"}],"about":[{"href":"https:\/\/andreastriebel.de\/index.php?rest_route=\/wp\/v2\/types\/post"}],"author":[{"embeddable":true,"href":"https:\/\/andreastriebel.de\/index.php?rest_route=\/wp\/v2\/users\/1"}],"replies":[{"embeddable":true,"href":"https:\/\/andreastriebel.de\/index.php?rest_route=%2Fwp%2Fv2%2Fcomments&post=2269"}],"version-history":[{"count":5,"href":"https:\/\/andreastriebel.de\/index.php?rest_route=\/wp\/v2\/posts\/2269\/revisions"}],"predecessor-version":[{"id":2274,"href":"https:\/\/andreastriebel.de\/index.php?rest_route=\/wp\/v2\/posts\/2269\/revisions\/2274"}],"wp:attachment":[{"href":"https:\/\/andreastriebel.de\/index.php?rest_route=%2Fwp%2Fv2%2Fmedia&parent=2269"}],"wp:term":[{"taxonomy":"category","embeddable":true,"href":"https:\/\/andreastriebel.de\/index.php?rest_route=%2Fwp%2Fv2%2Fcategories&post=2269"},{"taxonomy":"post_tag","embeddable":true,"href":"https:\/\/andreastriebel.de\/index.php?rest_route=%2Fwp%2Fv2%2Ftags&post=2269"}],"curies":[{"name":"wp","href":"https:\/\/api.w.org\/{rel}","templated":true}]}}