{"id":2335,"date":"2021-02-05T09:03:18","date_gmt":"2021-02-05T08:03:18","guid":{"rendered":"http:\/\/andreastriebel.de\/?p=2335"},"modified":"2021-02-05T10:43:27","modified_gmt":"2021-02-05T09:43:27","slug":"der-ethikrat-lobt-den-impfzwang","status":"publish","type":"post","link":"https:\/\/andreastriebel.de\/?p=2335","title":{"rendered":"Der Ethikrat lobt den Impfzwang","gt_translate_keys":[{"key":"rendered","format":"text"}]},"content":{"rendered":"\n<p><strong>Vorerst soll es keine Privilegien f\u00fcr Geimpfte geben.<\/strong><\/p>\n\n\n\n<p><strong> <\/strong><em>For now, there should be no privileges for vaccinated people&#8230;.<\/em><\/p>\n\n\n\n<p>Sobald aber ein gr\u00f6\u00dferer Teil der Bev\u00f6lkerung geimpft ist und die Impfkampagne nicht weiter stockt, sondern richtig Fahrt aufnimmt, sollen Nichtgeimpfte weiter unter dem Entzug ihrer Rechte leiden. Und weil sich dieser Zwang h\u00f6chst unmoralisch anh\u00f6rt, soll er besser verpackt werden und man soll nicht mehr von Privilegien f\u00fcr Geimpfte reden,  sondern man soll es so ausdr\u00fccken, dass man Geimpften gn\u00e4dig ihre Rechte wieder zugesteht und Nichtgeimpften nicht.<\/p>\n\n\n\n<p>\u201eFrei leben k\u00f6nnt Ihr nur, wenn Ihr das Diktat des Staates anerkennt und Euch unterwerft\u201c.<\/p>\n\n\n\n<p>Das ist der Grundsatz in jeder Diktatur. Die n\u00e4chste Stufe dieser perfiden Forderung besteht darin, dass man die Bev\u00f6lkerung in Gesunde und Kranke unterteilt und  diejenigen, die ansteckend sind und angeblich ein Virus weiter tragen, aussondert.  Haben diese dann noch ein Lebensrecht?  Die Nationalsozialisten sind damals so konsequent vorgegangen, um ihre Herrschaft zu festigen. In diese Richtung treibt die Bundesrepublik. Wir erleben gerade die Ereignisse von 1933 im Zeitraffer.<\/p>\n","protected":false,"gt_translate_keys":[{"key":"rendered","format":"html"}]},"excerpt":{"rendered":"<p>Vorerst soll es keine Privilegien f\u00fcr Geimpfte geben. For now, there should be no privileges for vaccinated people&#8230;. Sobald aber ein gr\u00f6\u00dferer Teil der Bev\u00f6lkerung geimpft ist und die Impfkampagne&hellip;<\/p>\n","protected":false,"gt_translate_keys":[{"key":"rendered","format":"html"}]},"author":1,"featured_media":0,"comment_status":"open","ping_status":"open","sticky":false,"template":"","format":"standard","meta":{"footnotes":""},"categories":[11],"tags":[543,483],"class_list":["post-2335","post","type-post","status-publish","format-standard","hentry","category-politik","tag-ethikrat","tag-impfzwang"],"gt_translate_keys":[{"key":"link","format":"url"}],"_links":{"self":[{"href":"https:\/\/andreastriebel.de\/index.php?rest_route=\/wp\/v2\/posts\/2335","targetHints":{"allow":["GET"]}}],"collection":[{"href":"https:\/\/andreastriebel.de\/index.php?rest_route=\/wp\/v2\/posts"}],"about":[{"href":"https:\/\/andreastriebel.de\/index.php?rest_route=\/wp\/v2\/types\/post"}],"author":[{"embeddable":true,"href":"https:\/\/andreastriebel.de\/index.php?rest_route=\/wp\/v2\/users\/1"}],"replies":[{"embeddable":true,"href":"https:\/\/andreastriebel.de\/index.php?rest_route=%2Fwp%2Fv2%2Fcomments&post=2335"}],"version-history":[{"count":5,"href":"https:\/\/andreastriebel.de\/index.php?rest_route=\/wp\/v2\/posts\/2335\/revisions"}],"predecessor-version":[{"id":2341,"href":"https:\/\/andreastriebel.de\/index.php?rest_route=\/wp\/v2\/posts\/2335\/revisions\/2341"}],"wp:attachment":[{"href":"https:\/\/andreastriebel.de\/index.php?rest_route=%2Fwp%2Fv2%2Fmedia&parent=2335"}],"wp:term":[{"taxonomy":"category","embeddable":true,"href":"https:\/\/andreastriebel.de\/index.php?rest_route=%2Fwp%2Fv2%2Fcategories&post=2335"},{"taxonomy":"post_tag","embeddable":true,"href":"https:\/\/andreastriebel.de\/index.php?rest_route=%2Fwp%2Fv2%2Ftags&post=2335"}],"curies":[{"name":"wp","href":"https:\/\/api.w.org\/{rel}","templated":true}]}}