{"id":2343,"date":"2021-02-06T21:27:49","date_gmt":"2021-02-06T20:27:49","guid":{"rendered":"http:\/\/andreastriebel.de\/?p=2343"},"modified":"2021-02-28T20:11:55","modified_gmt":"2021-02-28T19:11:55","slug":"bochum-06-02-2021-dr-andreas-triebel","status":"publish","type":"post","link":"https:\/\/andreastriebel.de\/?p=2343","title":{"rendered":"Bochum, 06.02.2021, Dr. Andreas Triebel","gt_translate_keys":[{"key":"rendered","format":"text"}]},"content":{"rendered":"\n<p><em>Naturopathy, which is represented by the previous speaker, and conventional medicine, which I represent, get along well with each other and complement each other.<\/em>..<\/p>\n\n\n\n<figure class=\"wp-block-audio\"><audio controls src=\"https:\/\/andreastriebel.de\/wp-content\/uploads\/2021\/02\/06_02_2021_RDX.mp3\"><\/audio><figcaption>Bochum, 06.02.2021, Dr. Andreas Triebel<\/figcaption><\/figure>\n\n\n\n<p><strong>Die Naturheilkunde, die von meiner Vorrednerin vertreten wird und die konventionelle Medizin, die ich vertrete kommen gut miteinander aus und erg\u00e4nzen sich.<\/strong><\/p>\n\n\n\n<p>Ich m\u00f6chte heute von der Propaganda-Offensive der Regierung sprechen. Dazu geh\u00f6rt, dass man nicht mehr von der Grippe reden soll, das ist nicht be\u00e4ngstigend genug, man soll COVID-19 Erkrankung sagen. Das klingt bedrohlicher, damit soll eine au\u00dfergew\u00f6hnliche Gef\u00e4hrlichkeit betont werden. Tats\u00e4chlich handelt es sich aber um eine saisonale Grippe, die wir Menschen seit Jahrtausenden kennen. Mal ist es dieses Virus, mal jenes; im letzten Jahr waren anfangs oft Corona-Viren beteiligt, dann \u00fcber viele Monate Rhinoviren, bis im Dezember wieder die Zeit der Corona-Viren begann. Dass man bei einer Erk\u00e4ltung oder einem grippalen Infekt zuhause bleiben und das Bett h\u00fcten sollte, wei\u00df jeder.<\/p>\n\n\n\n<p>Mit diesem Problem sind wir eigentlich immer gut fertiggeworden. Bis die Regierung die Grippewelle zum Vorwand nahm, eine beispiellose Zerst\u00f6rung von Gesundheitssystem und Wirtschaft durchzusetzen. Alle Macht konzentriert die Merkel-Regierung im Kanzleramt. Folgsam wie gut dressierte Hunde folgten die Ministerpr\u00e4sidenten der Bundesl\u00e4nder den Anweisungen der Regierung. Die Presse \u00fcberschlug sich in Katastrophenmeldungen, nur die Zahl der Todesf\u00e4lle stieg nicht an. Da musste schon ein Lock down erfolgen, erst dadurch wurde die Zahl in die H\u00f6he getrieben. <\/p>\n\n\n\n<p>Aber so recht wollten die Menschen nicht an die besondere Gef\u00e4hrlichkeit der Grippeviren glauben. Wie sollen sie auch in Einklang bringen, dass die Regierung erst von einem \u00dcberma\u00df an Krankheitsf\u00e4llen redet, und dann Krankenh\u00e4user in gro\u00dfer Zahl schlie\u00dft? Wie soll man an eine au\u00dfergew\u00f6hnliche Lage glauben, wenn \u00fcber 4000 \u00c4rzte und Krankenschwestern in Kurzarbeit geschickt werden? Und der Sinn eine Grippebek\u00e4mpfung erschlie\u00dft sich auch nicht, wenn daf\u00fcr die Behandlungen von Krebserkrankungen und anderen schweren Erkrankungen verschoben werden, zum Teil solange, dass die Behandlung nicht mehr n\u00f6tig ist, weil die Patienten inzwischen verstorben sind.<\/p>\n\n\n\n<p>Und das auch noch als Solidarit\u00e4t mit den alten Menschen zu verkaufen, ist ein Hohn auf die Menschlichkeit.<\/p>\n\n\n\n<p>Und die Religionsgemeinschaften werden bedroht, schikaniert, an den Pranger gestellt; Kirchenlieder zu singen ist pl\u00f6tzlich gef\u00e4hrlich, denn so soll ja das Virus weitergetragen werden. Eher ist doch eine ungeheizte Kirche f\u00fcr eine Erk\u00e4ltung verantwortlich als das Singen von Liedern. Sogar der Papst meint, durch Impfen und Unterwerfung unter die weltliche Macht seine Sch\u00e4fchen besch\u00fctzen zu k\u00f6nnen, aber es sieht nicht danach aus, als wenn das etwas n\u00fctzen w\u00fcrde.<\/p>\n\n\n\n<p>Und auch die jungen Menschen, unsere Kinder, werden vernachl\u00e4ssigt. Pl\u00f6tzlich wird Ihnen die Schulbildung verwehrt. Und die Betreuung von gef\u00e4hrdeten Familien unterbleibt. Die Kinder m\u00fcssen Gewaltanwendung erdulden und niemand greift ein. Kinderh\u00e4user in Gro\u00dfst\u00e4tten in denen Kinder vorr\u00fcbergehend untergebracht werden, die Zuhause geschlagen wurden, werden geschlossen, weil die Sozialarbeit zusammengebrochen ist. Und das, obwohl die famili\u00e4re Gewalt zugenommen hat.<\/p>\n\n\n\n<p>Das ist eine soziale Verwahrlosung, welche die Pastorentochter aus Berlin in dreister Verdrehung der Tatsachen als R\u00fccksichtnahme auf die Schwachen in unserer Gesellschaft bezeichnet und unger\u00fchrt verbreiten Presse und Fernsehen diese Regierungspropaganda. <\/p>\n\n\n\n<p>Und ebenso ohne Bedenken verbreiten die Medien die Kunde von der wundersamen Impfung, ohne die schwerwiegenden Bedenken gegen die Impfung auch nur zu erw\u00e4hnen. Immer wieder kommt es vor, dass alte Menschen morgens arglos und bei guter Gesundheit zur Impfung gehen und am Nachmittag tot aufgefunden werden. Die Regierungspropaganda verbreitet dann, dass Corona daran schuld sei. Was f\u00fcr eine \u00fcble Masche. Und dann sollen auch noch demente Menschen und Menschen mit Behinderung bevorzugt geimpft werden. Mich erinnert das an eine dunkle Zeit in Deutschland, die nie wieder kommen sollte.<\/p>\n\n\n\n<p>Es ist auch eine ganz irre Vorstellung, das angeblich neu entdeckte Virus verdr\u00e4ngen zu wollen. Es hat sich inzwischen seinem menschlichen Wirt angepasst und der Mensch hat sich auf das Virus eingestellt, es besteht eine Lebensgemeinschaft. Das ist ein nat\u00fcrlicher Vorgang, der sich abspielt, seit es Menschen gibt. Der Mensch lebt mit den Atemwegsviren, so wie unser Planet B\u00e4ume und Str\u00e4ucher ben\u00f6tigt. Wenn nun ein wahnsinniger amerikanischer Milliard\u00e4r auf die Idee k\u00e4me, alle B\u00e4ume auf der Welt abzuholzen, und anschlie\u00dfend auch alle Str\u00e4ucher, weil einige auch stachelig sind, so w\u00fcrde man nur an die Stirn tippen. Warum lassen wir uns denn so einen Bl\u00f6dsinn von den Atemwegsinfektionen erz\u00e4hlen! <\/p>\n\n\n\n<p>Ja, und es gibt Mutanten, eine besonders b\u00f6sartige Mutante gibt es in Berlin, im Kanzleramt. <\/p>\n\n\n\n<p>Mit Medizin hat das alles nicht zu tun. Das ist ein technokratischer Wahn. Leider geht dabei alle Menschlichkeit verloren. Unser soziales Leben, das Miteinander macht das Leben lebenswert.<\/p>\n\n\n\n<p>Befreien wir uns von diesen machtbesessenen Menschen, machen wir das Leben wieder lebenswert. <\/p>\n","protected":false,"gt_translate_keys":[{"key":"rendered","format":"html"}]},"excerpt":{"rendered":"<p>Naturopathy, which is represented by the previous speaker, and conventional medicine, which I represent, get along well with each other and complement each other&#8230; Die Naturheilkunde, die von meiner Vorrednerin&hellip;<\/p>\n","protected":false,"gt_translate_keys":[{"key":"rendered","format":"html"}]},"author":1,"featured_media":0,"comment_status":"open","ping_status":"open","sticky":false,"template":"","format":"standard","meta":{"footnotes":""},"categories":[11],"tags":[385,544,414,545],"class_list":["post-2343","post","type-post","status-publish","format-standard","hentry","category-politik","tag-corona-krise","tag-grippeviren","tag-impfung","tag-solidaritaet"],"gt_translate_keys":[{"key":"link","format":"url"}],"_links":{"self":[{"href":"https:\/\/andreastriebel.de\/index.php?rest_route=\/wp\/v2\/posts\/2343","targetHints":{"allow":["GET"]}}],"collection":[{"href":"https:\/\/andreastriebel.de\/index.php?rest_route=\/wp\/v2\/posts"}],"about":[{"href":"https:\/\/andreastriebel.de\/index.php?rest_route=\/wp\/v2\/types\/post"}],"author":[{"embeddable":true,"href":"https:\/\/andreastriebel.de\/index.php?rest_route=\/wp\/v2\/users\/1"}],"replies":[{"embeddable":true,"href":"https:\/\/andreastriebel.de\/index.php?rest_route=%2Fwp%2Fv2%2Fcomments&post=2343"}],"version-history":[{"count":16,"href":"https:\/\/andreastriebel.de\/index.php?rest_route=\/wp\/v2\/posts\/2343\/revisions"}],"predecessor-version":[{"id":2458,"href":"https:\/\/andreastriebel.de\/index.php?rest_route=\/wp\/v2\/posts\/2343\/revisions\/2458"}],"wp:attachment":[{"href":"https:\/\/andreastriebel.de\/index.php?rest_route=%2Fwp%2Fv2%2Fmedia&parent=2343"}],"wp:term":[{"taxonomy":"category","embeddable":true,"href":"https:\/\/andreastriebel.de\/index.php?rest_route=%2Fwp%2Fv2%2Fcategories&post=2343"},{"taxonomy":"post_tag","embeddable":true,"href":"https:\/\/andreastriebel.de\/index.php?rest_route=%2Fwp%2Fv2%2Ftags&post=2343"}],"curies":[{"name":"wp","href":"https:\/\/api.w.org\/{rel}","templated":true}]}}