{"id":2367,"date":"2021-02-09T20:00:18","date_gmt":"2021-02-09T19:00:18","guid":{"rendered":"http:\/\/andreastriebel.de\/?p=2367"},"modified":"2021-02-09T20:00:20","modified_gmt":"2021-02-09T19:00:20","slug":"staufen-24-01-2021-dr-thomas-kuelken","status":"publish","type":"post","link":"https:\/\/andreastriebel.de\/?p=2367","title":{"rendered":"Staufen, 24.01.2021, Dr. Thomas K\u00fclken","gt_translate_keys":[{"key":"rendered","format":"text"}]},"content":{"rendered":"\n<p><em>Dear attendees,<\/em><\/p>\n\n\n\n<p><em>I am deeply impressed by your commitment. I thank you for standing up for justice and freedom and especially for justice and freedom of the medical profession.<\/em>..<\/p>\n\n\n\n<p><strong>Liebe Anwesende,<\/strong><br><strong><br>ich bin zutiefst beeindruckt von Eurem Engagement. Ich danke Euch f\u00fcr Euer Einstehen f\u00fcr Gerechtigkeit und Freiheit und insbesondere f\u00fcr Gerechtigkeit und Freiheit der \u00e4rztlichen Berufsaus\u00fcbung.<\/strong><\/p>\n\n\n\n<p>Es ist ja alles andere als lustig, wenn bei laufender Sprechstunde vor den Augen der Patienten pl\u00f6tzlich ein Trupp Polizisten, teilweise mit Revolvern bewaffnet, so als ginge es um einen Schwerverbrecher, in der Praxis steht und mich mit richterlichem Durchsuchungsbefehl zum Beschuldigten erkl\u00e4rt \u2013 und eine Beamtin angehalten wird, zur Sicherstellung von Computern und Handys umgehend das Untersuchungszimmer zu st\u00fcrmen, obwohl ich ihr gesagt hatte, dass dort eine fast vollst\u00e4ndig entkleidete Patientin auf die Fortsetzung der von mir gerade begonnenen k\u00f6rperlichen Untersuchung warte.<\/p>\n\n\n\n<p>Der mir gemachte Vorwurf: Ich h\u00e4tte 13 Atteste zur Befreiung von der Maskenpflicht ohne Ansehen der jeweiligen Person ausgestellt. Dieser Vorwurf entbehrt jeder Grundlage, und darum kann ich hier auch ohne Probleme stehen; denn ich habe mich f\u00fcr nichts und vor niemandem zu sch\u00e4men.<\/p>\n\n\n\n<p>In letzter Zeit sind in Deutschland meines Wissens bereits 4 weitere Kolleginnen und Kollegen auf dieselbe Art \u201ebel\u00e4stigt\u201c worden, um es milde auszudr\u00fccken.&nbsp;<\/p>\n\n\n\n<p>Und ich frage mich: Was geht da vor in unserem Land?<\/p>\n\n\n\n<p>Seit M\u00e4rz 2020 brechen in Bund und L\u00e4ndern die Regenten, die Beh\u00f6rden usw. bis hinunter zu den Schuldirektoren und Lehrern Tag f\u00fcr Tag die Verfassung und eine ganze Reihe von Gesetzen \u2013 und das mit verheerenden Folgen f\u00fcr die Menschen in unserem Land und in der Welt.&nbsp;<\/p>\n\n\n\n<p>Und dieses Unrecht rechtfertigen die Verantwortlichen mit einer epidemischen Notlage von nationaler Tragweite. Diese Notlage hat es aber nie gegeben, und sie hat auch nie gedroht. Und alles das, was ich jetzt gesagt habe: dass die Verfassung und die Gesetze mit F\u00fc\u00dfen getreten werden und dass eine \u00dcberlastung des Gesundheitssystems zu keinem Zeitpunkt zu erwarten war:&nbsp;<\/p>\n\n\n\n<p><strong>Das sagen nicht nur ich und epidemiologisch kompetentere als ich.<br>Das hat \u2013 endlich \u2013 vor 2 Wochen auch ein Gericht in Weimar erstmals in vollem Umfang best\u00e4tigt!<\/strong><\/p>\n\n\n\n<p>Ich habe gesagt, dass ich mich f\u00fcr nichts und vor niemandem zu sch\u00e4men habe. Wer sich allerdings in Grund und Boden zu sch\u00e4men h\u00e4tte, das sind die Verantwortlichen in der deutschen Justiz.&nbsp;<\/p>\n\n\n\n<p>Denn Monat f\u00fcr Monat haben sie zu diesem monstr\u00f6sen Unrecht geschwiegen, das so uns\u00e4glich viel Leid und Verderben \u00fcber die deutsche Bev\u00f6lkerung und nicht nur \u00fcber diese gebracht hat.&nbsp;<\/p>\n\n\n\n<p>Wer aber in verantwortlicher Position zu einem Unrecht schweigt, der macht sich mitschuldig. Und wer sich verschuldet, der ist leider nur allzu oft geneigt, seine Schuld zu verdr\u00e4ngen und die Kraft, die da entsteht, nicht gegen sich, nicht nach innen zu richten, sondern nach au\u00dfen zu kehren. Und dann \u2013 sucht man Schuldige; man entwickelt wie eine Gier nach Schuldigen.&nbsp;<\/p>\n\n\n\n<p>Und in der augenblicklich herrschenden, populistisch aufgeheizten Massenhypnose scheint man es f\u00fcr opportun zu halten, Schuldige unter den politisch unangepassten \u00c4rzten zu suchen und (allein durch die Praxisdurchsuchung selber) \u00f6ffentlich an den Pranger zu stellen. Johann Peter Hebel hat dieses psychologische Ph\u00e4nomen zusammengefasst in dem Satz:&nbsp;<\/p>\n\n\n\n<p><strong>\u201eNiemand ist geneigter, Unrecht zu tun, als wer Unrecht hat.\u201c&nbsp;<\/strong><\/p>\n\n\n\n<p>Es ist ein Skandal f\u00fcr sich, dass es volle 10 Monate gebraucht hat, bis in Deutschland ein Richter in die Lage kam und diese Lage auch ergriffen hat, das geschehene und noch t\u00e4glich weiter geschehende Unrecht beim Namen zu nennen.<\/p>\n\n\n\n<p><strong>Und er hat sehr deutliche Worte daf\u00fcr gefunden. Er hat unter anderem geschrieben, dass das W\u00f6rtchen \u201eunverh\u00e4ltnism\u00e4\u00dfig\u201c viel zu blass, viel zu farblos sei, um die kolossalen wirtschaftlichen, sozialen, psychischen und gesundheitlichen Sch\u00e4den der verordneten Zwangs-Ma\u00dfnahmen auch nur ann\u00e4hernd anzudeuten.<\/strong><\/p>\n\n\n\n<p>Es ist jetzt an der Justiz, endlich in die P\u00f6tte zu kommen und dem Verordnungswahnsinn ein Ende zu bereiten \u2013 und ebenso auch mit der langj\u00e4hrigen menschenverachtenden Gesetzgebung des IT- und Pharmalobbyisten Spahn gr\u00fcndlich aufzur\u00e4umen.<\/p>\n\n\n\n<p>Und es ist an der Legislative, angesichts dieses Wahnsinns, der sich in unserem Lande so erschreckend hemmungslos Bahn brechen konnte, ein Gesetz zu erarbeiten und zu beschlie\u00dfen:&nbsp;<\/p>\n\n\n\n<p><strong>Ein Gesetz zum Schutz der Bev\u00f6lkerung bei einem Realit\u00e4tsverlust der Regierung von nationaler Tragweite.<\/strong><\/p>\n\n\n\n<p><strong>Ich danke Euch, dass Ihr gekommen seid!<\/strong><\/p>\n\n\n\n<h3 class=\"wp-block-heading\">Dr. Thomas K\u00fclken vor dem Ermittlungsrichter des<br>Amtsgerichts Freiburg am 28.1.2021:<\/h3>\n\n\n\n<p><strong><br>Liebe Ermittlungsrichterinnen und Ermittlungsrichter hier in Freiburg und im Rest unserer Deutschen Demokratischen Republik,<br><\/strong><br>in unserem Rechtssystem erlasst Ihr Beschl\u00fcsse, die nur Ihr erlassen d\u00fcrft. Dazu geh\u00f6rt u. a. die Anordnung der Durchsuchung von R\u00e4umen und der Beschlagnahme. Und Ihr seid, so jedenfalls steht es auf dem Papier, Amtstr\u00e4ger mit richterlicher Unabh\u00e4ngigkeit.<\/p>\n\n\n\n<p>Mit richterlicher Unabh\u00e4ngigkeit!? Im konkreten Fall lese ich, dass der Ermittlungsrichter seine Anschuldigung u. a. darauf st\u00fctzt, dass der Beschuldigte \u201ein der Vergangenheit wiederholt in der \u00d6ffentlichkeit mit Reden auftrat, in denen er die Auswirkungen der Covid-19-Pandemie verharmloste und das Tragen eines Mund-Nase-Schutzes als sozial und gesundheitlich sch\u00e4dlich wertete.\u201c<\/p>\n\n\n\n<p>Diese Formulierung, lieber Ermittlungsrichter, klingt nicht gerade nach richterlicher Unabh\u00e4ngigkeit. Denn ganz offensichtlich haben Sie ein Problem damit, dass die Corona-Politik der Regierung vom Beschuldigten \u00f6ffentlich in Frage gestellt wird. Und <strong>ohne <\/strong>diese Ihre politische Befangenheit h\u00e4tten Sie nie und nimmer diese so brutale wie grundlose Polizeiaktion geplant und veranlasst.<\/p>\n\n\n\n<p>Und: mit Ihrer dreisten Behauptung, der Beschuldigte verharmlose die Auswirkungen der Pandemie, bedienen Sie sich des infamen Vokabulars der aktuellen Hetzkampagne gegen Ma\u00dfnahmenkritiker. Richterliche Unabh\u00e4ngigkeit w\u00e4re etwas anderes.<br><strong><br>Ermittlungsrichter in Deutschland!<br><\/strong><br>\u25a0Wo wart Ihr, als man in Deutschland anfing, Zig-Millionen Unschuldige unter Generalverdacht zu stellen, zu entm\u00fcndigen und einzusperren \u2013 nur weil sie nach jedem Einatmen wieder ausatmen?<\/p>\n\n\n\n<p>\u25a0Wo wart Ihr, als man anfing, Millionen Wehrlose in Heimen mit Isolationshaft zu qu\u00e4len?<\/p>\n\n\n\n<p>\u25a0Wo wart Ihr, als man Millionen Unschuldigen Berufsverbot erteilte?<\/p>\n\n\n\n<p>\u25a0Wo wart Ihr, als man Hunderttausenden die notwendigen Operationen und unentbehrlichen physiotherapeutischen und anderen Behandlungen verweigerte?<\/p>\n\n\n\n<p>\u25a0Warum werdet Ihr nicht aktiv angesichts der allgemein bekannten Tatsache, dass \u00c4rztinnen und \u00c4rzte tausendfach Urkunden f\u00e4lschen, indem sie auf den Totenscheinen <strong>vors\u00e4tzlich<\/strong> politisch erw\u00fcnschte, aber medizinisch-falsche Todesursachen angeben?<\/p>\n\n\n\n<p>\u25a0Wo wart Ihr, als man den Kindern und Jugendlichen die Schulen, Kitas und sozialen Kontakte wegnahm und sie nicht selten den schlimmsten h\u00e4uslichen N\u00f6ten auslieferte?<\/p>\n\n\n\n<p>\u25a0Wo wart Ihr, als man anfing, Sch\u00fclerinnen und Sch\u00fcler unter bisweilen \u00fcbelsten Androhungen und<\/p>\n\n\n\n<p>Dem\u00fctigungen zu selbst-<em>sch\u00e4digendem<\/em> Verhalten zu zwingen? \u2013 und behinderte Sch\u00fcler vor anderen Sch\u00fclern moralisch zu erniedrigen?<br>Das alles scheint Euch <strong>nie<\/strong> auch nur des kleinsten Anfangsverdachtes wert gewesen zu sein.<br><strong>Aber:<\/strong> wenn sich dann notgedrungen <strong>\u00c4rzte<\/strong> solcher Sch\u00fclerinnen und Sch\u00fcler und der verzweifelten Eltern annehmen, dann scheut Ihr keine Zeit und keine M\u00fche f\u00fcr den Versuch, ihnen auf Deubel komm raus irgendeinen juristischen Strick zu drehen. Und wahrscheinlich seid Ihr schon damit zufrieden, wenn die von Euch veranlassten Polizeiaktionen den unausweichlichen Medienrummel erzeugen, der die betreffenden \u00c4rztinnen und \u00c4rzte dem Pranger der \u00f6ffentlichen Meinung ausliefert und die \u00fcbrige \u00c4rzteschaft abschreckt; ja \u2013 wovor eigentlich abschreckt?<\/p>\n\n\n\n<p>Was denn wird uns, den Atteste ausstellenden \u00c4rzten, <strong>eigentlich<\/strong> vorgeworfen? Was uns ausgetrieben werden soll, das ist das <strong>Nicht<\/strong>-Unterlassen \u00e4rztlicher Hilfeleistungen; was in der alten Normalit\u00e4t noch strafbar war, das Unterlassen einer medizinisch gebotenen Hilfeleistung, das wurde in der neuen Normalit\u00e4t zum ungeschriebenen Gebot.<\/p>\n\n\n\n<p>Ich erwarte, dass jetzt endlich <strong>ein wirklich unabh\u00e4ngiger Ermittlungsrichter<\/strong> aufsteht, sich seine politisch befangenen Kolleginnen und Kollegen zur Brust nimmt und sie z.B. mit \u00a7 344 Strafgesetzbuch konfrontiert, wo es hei\u00dft:<\/p>\n\n\n\n<p><em>\u00abWer als Amtstr\u00e4ger [\u2026] absichtlich oder wissentlich jemanden, der nach dem Gesetz nicht strafrechtlich verfolgt werden darf, strafrechtlich verfolgt oder auf eine solche Verfolgung hinwirkt, wird mit Freiheitsstrafe von 3 Monaten bis zu 5 Jahren bestraft. [\u2026] Der Versuch ist strafbar.\u00bb<\/em><\/p>\n\n\n\n<p>Seit Monaten warte ich auf den Tag \u2013 und dieser Tag wird kommen \u2013, von dem an nicht l\u00e4nger die <strong>Opfer<\/strong> der unrechtm\u00e4\u00dfigen und ruin\u00f6sen Corona-Politik zur Rechenschaft gezogen werden, sondern die <strong>T\u00e4ter<\/strong>.<\/p>\n\n\n\n<p>Vielen Dank.<\/p>\n","protected":false,"gt_translate_keys":[{"key":"rendered","format":"html"}]},"excerpt":{"rendered":"<p>Dear attendees, I am deeply impressed by your commitment. I thank you for standing up for justice and freedom and especially for justice and freedom of the medical profession&#8230; Liebe&hellip;<\/p>\n","protected":false,"gt_translate_keys":[{"key":"rendered","format":"html"}]},"author":1,"featured_media":0,"comment_status":"open","ping_status":"open","sticky":false,"template":"","format":"standard","meta":{"footnotes":""},"categories":[12,11],"tags":[550,548,549],"class_list":["post-2367","post","type-post","status-publish","format-standard","hentry","category-medizin","category-politik","tag-beschlagnahme","tag-dr-thomas-kuelken","tag-ermittlungsrichter"],"gt_translate_keys":[{"key":"link","format":"url"}],"_links":{"self":[{"href":"https:\/\/andreastriebel.de\/index.php?rest_route=\/wp\/v2\/posts\/2367","targetHints":{"allow":["GET"]}}],"collection":[{"href":"https:\/\/andreastriebel.de\/index.php?rest_route=\/wp\/v2\/posts"}],"about":[{"href":"https:\/\/andreastriebel.de\/index.php?rest_route=\/wp\/v2\/types\/post"}],"author":[{"embeddable":true,"href":"https:\/\/andreastriebel.de\/index.php?rest_route=\/wp\/v2\/users\/1"}],"replies":[{"embeddable":true,"href":"https:\/\/andreastriebel.de\/index.php?rest_route=%2Fwp%2Fv2%2Fcomments&post=2367"}],"version-history":[{"count":1,"href":"https:\/\/andreastriebel.de\/index.php?rest_route=\/wp\/v2\/posts\/2367\/revisions"}],"predecessor-version":[{"id":2368,"href":"https:\/\/andreastriebel.de\/index.php?rest_route=\/wp\/v2\/posts\/2367\/revisions\/2368"}],"wp:attachment":[{"href":"https:\/\/andreastriebel.de\/index.php?rest_route=%2Fwp%2Fv2%2Fmedia&parent=2367"}],"wp:term":[{"taxonomy":"category","embeddable":true,"href":"https:\/\/andreastriebel.de\/index.php?rest_route=%2Fwp%2Fv2%2Fcategories&post=2367"},{"taxonomy":"post_tag","embeddable":true,"href":"https:\/\/andreastriebel.de\/index.php?rest_route=%2Fwp%2Fv2%2Ftags&post=2367"}],"curies":[{"name":"wp","href":"https:\/\/api.w.org\/{rel}","templated":true}]}}