{"id":2369,"date":"2021-02-13T18:15:42","date_gmt":"2021-02-13T17:15:42","guid":{"rendered":"http:\/\/andreastriebel.de\/?p=2369"},"modified":"2021-02-15T12:39:28","modified_gmt":"2021-02-15T11:39:28","slug":"bochum-den-13-02-2021-dr-andreas-triebel","status":"publish","type":"post","link":"https:\/\/andreastriebel.de\/?p=2369","title":{"rendered":"Bochum, den 13.02.2021, Dr. Andreas Triebel","gt_translate_keys":[{"key":"rendered","format":"text"}]},"content":{"rendered":"\n<p><strong>Bochum, Dr.- Ruer- Platz<\/strong><\/p>\n\n\n\n<p><em>Do we need teachers who do not protect their students but are afraid of their students&#8216; snotty noses? Teachers who force their students to wear masks without regard for health impairments? Teachers who do not protect their weak and sick students but expose them to bullying, teachers who educate students to be denouncers; do we need principals who have no backbone and fuel the Corona craze instead of enlightening and being a role model.<\/em>&#8230;<\/p>\n\n\n\n<p><strong>Brauchen wir Lehrer, die sich nicht sch\u00fctzend vor ihre Sch\u00fcler stellen, sondern Angst vor den Rotznasen ihrer Sch\u00fcler haben?&nbsp; Lehrer, die ihre Sch\u00fcler zu Masken zwingen ohne R\u00fccksicht auf gesundheitliche Beeintr\u00e4chtigungen? Lehrer, die ihre schwachen und kranken Sch\u00fcler nicht sch\u00fctzen, sondern dem Mobbing aussetzen, Lehrer, welche die Sch\u00fcler zu Denunzianten erziehen; brauchen wir Rektoren, die kein R\u00fcckgrat haben und den Corona- Wahn befeuern, anstatt aufzukl\u00e4ren und ein Vorbild zu sein.<\/strong><\/p>\n\n\n\n<p>Brauchen wir \u00c4rzte, welche die Furcht vor dem Virus noch sch\u00fcren oder solche \u00c4rzte, die besonnen sind und die Gem\u00fcter beruhigen? Brauchen wir \u00c4rzte, welche die Impfkampagne bef\u00f6rdern oder solche \u00c4rzte, die ihre Patienten vor politischer Einflussnahme besch\u00fctzen und denen das Wohl ihrer Patienten h\u00f6her wiegt als der Wille der Obrigkeit? \u00c4rzte m\u00fcssen sich informieren und ihre Patienten \u00fcber die neuartige Grippeimpfung vollst\u00e4ndig aufkl\u00e4ren, das kann nicht in f\u00fcnf Minuten geschehen. \u00c4rzte m\u00fcssen \u00fcber die b\u00f6sartige Theorie von der asymptomatischen Ansteckung aufkl\u00e4ren und den Schwindler aus der Charit\u00e9 durchschauen.<\/p>\n\n\n\n<p>Und dass \u00c4rzte Patienten, die keine Maske tragen k\u00f6nnen aus der Praxis verweisen, finde ich verwerflich. Die meisten \u00c4rzte aber haben einfach nicht die Kraft, sich den Anweisungen der Regierung zu widersetzen. Um nicht der Repression der Regierung ausgesetzt zu sein, machen sie den Mummenschanz mit. Sonst schickt die Regierung Polizeitrupps in die Praxen von \u00c4rzten, die Maskenbescheinigungen ausstellen. Einsch\u00fcchterung und Strafverfolgung sind das Ziel.<\/p>\n\n\n\n<p>Die Presse aber besch\u00e4ftigt sich lieber mit Lukaschenko und Putin. W\u00e4hrenddessen besch\u00e4digt die politische Kaste die Versorgung durch Krankenh\u00e4user, immer mehr m\u00fcssen schlie\u00dfen, die Zahl der Intensivbetten sinkt, Operateure werden behindert, weil die Grippeerkrankungen auf Anweisung der Regierung Vorrang erhalten sollen.<\/p>\n\n\n\n<p>Und die Justiz schaut zu, anstatt das sch\u00e4dliche Treiben zu unterbinden. Brauchen wir Staatsanw\u00e4lte, die sich zum Handlanger der Politiker machen? Die sich mit der Presse verb\u00fcnden, um \u00c4rzte zu diskriminieren? Brauchen wir Staatsanw\u00e4lte, die \u00c4rzte \u00fcberfallen lassen, als ob es Kriminelle w\u00e4ren? Was soll das mit Recht und Gesetz zu tun haben? Wo sind denn die Staatsanw\u00e4lte, welche die Todesf\u00e4lle nach Impfung untersuchen? Da herrscht Schweigen im Walde. Welche politischen Gr\u00fcnde hat dieses Schweigen?<\/p>\n\n\n\n<p>Und brauchen wir Richter, die ihren &nbsp;Rausch noch nicht ausgeschlafen haben und dann im Dienst Beschl\u00fcsse zur Durchsuchung von Arztpraxen unterschreiben? Nein, die Justiz darf sich nicht zum Handlanger der Politik machen. Wer seine Unabh\u00e4ngigkeit aufgibt verliert alles Ansehen. Die Justiz ist auf dem besten Wege dazu. Wegen einzelner Leuchtt\u00fcrme wie in Dortmund und in Weimar besteht noch eine gewisse Hoffnung. Sonst landen wir vollends im Nationalsozialismus.<\/p>\n\n\n\n<p>Hat&nbsp; Deutschland nicht vor achtzig Jahren schon genug Leid \u00fcber die Welt gebracht?<\/p>\n\n\n\n<p><\/p>\n\n\n\n<p><\/p>\n\n\n\n<p><\/p>\n","protected":false,"gt_translate_keys":[{"key":"rendered","format":"html"}]},"excerpt":{"rendered":"<p>Bochum, Dr.- Ruer- Platz Do we need teachers who do not protect their students but are afraid of their students&#8216; snotty noses? Teachers who force their students to wear masks&hellip;<\/p>\n","protected":false,"gt_translate_keys":[{"key":"rendered","format":"html"}]},"author":1,"featured_media":0,"comment_status":"open","ping_status":"open","sticky":false,"template":"","format":"standard","meta":{"footnotes":""},"categories":[45,11],"tags":[529,385,552,551],"class_list":["post-2369","post","type-post","status-publish","format-standard","hentry","category-gesellschaft","category-politik","tag-aerzte","tag-corona-krise","tag-justiz","tag-lehrer"],"gt_translate_keys":[{"key":"link","format":"url"}],"_links":{"self":[{"href":"https:\/\/andreastriebel.de\/index.php?rest_route=\/wp\/v2\/posts\/2369","targetHints":{"allow":["GET"]}}],"collection":[{"href":"https:\/\/andreastriebel.de\/index.php?rest_route=\/wp\/v2\/posts"}],"about":[{"href":"https:\/\/andreastriebel.de\/index.php?rest_route=\/wp\/v2\/types\/post"}],"author":[{"embeddable":true,"href":"https:\/\/andreastriebel.de\/index.php?rest_route=\/wp\/v2\/users\/1"}],"replies":[{"embeddable":true,"href":"https:\/\/andreastriebel.de\/index.php?rest_route=%2Fwp%2Fv2%2Fcomments&post=2369"}],"version-history":[{"count":3,"href":"https:\/\/andreastriebel.de\/index.php?rest_route=\/wp\/v2\/posts\/2369\/revisions"}],"predecessor-version":[{"id":2381,"href":"https:\/\/andreastriebel.de\/index.php?rest_route=\/wp\/v2\/posts\/2369\/revisions\/2381"}],"wp:attachment":[{"href":"https:\/\/andreastriebel.de\/index.php?rest_route=%2Fwp%2Fv2%2Fmedia&parent=2369"}],"wp:term":[{"taxonomy":"category","embeddable":true,"href":"https:\/\/andreastriebel.de\/index.php?rest_route=%2Fwp%2Fv2%2Fcategories&post=2369"},{"taxonomy":"post_tag","embeddable":true,"href":"https:\/\/andreastriebel.de\/index.php?rest_route=%2Fwp%2Fv2%2Ftags&post=2369"}],"curies":[{"name":"wp","href":"https:\/\/api.w.org\/{rel}","templated":true}]}}