{"id":2389,"date":"2021-02-17T14:09:23","date_gmt":"2021-02-17T13:09:23","guid":{"rendered":"http:\/\/andreastriebel.de\/?p=2389"},"modified":"2021-02-18T12:07:42","modified_gmt":"2021-02-18T11:07:42","slug":"schnelltests-sind-keine-loesung-die-testeritis-muss-beendet-werden","status":"publish","type":"post","link":"https:\/\/andreastriebel.de\/?p=2389","title":{"rendered":"Schnelltests sind keine L\u00f6sung, die Testeritis muss beendet werden","gt_translate_keys":[{"key":"rendered","format":"text"}]},"content":{"rendered":"\n<p>Rapid testing only serves the purpose of keeping people in fear. Now that word has gotten out that the PCR- test is inadequate for detecting infection and the people are tired of hearing the false reports about incidences, infections and deaths, the political caste is offering rapid tests. These tests have nothing to do with disease. In rare cases, they may give an indication of the presence of a virus. This is nothing special, because humans are constantly colonized by billions of viruses. We have to live with that, we can live well with that&#8230;.<\/p>\n\n\n\n<p><strong>Schnelltests haben nur den Zweck, die Menschen weiter in Angst und Schrecken zu halten. Nachdem es sich herum gesprochen hat, dass der PCR- Test f\u00fcr die Aufdeckung einer Infektion ungeeignet ist und das Volk m\u00fcde ist, die Falschmeldungen \u00fcber Inzidenzen, Infektionen und Todesf\u00e4lle zu h\u00f6ren, bietet die politische  Kaste jetzt Schnelltests an. Mit einer Erkrankung haben diese Tests nichts zu tun. In seltenen F\u00e4llen k\u00f6nnen sie einen Hinweis auf die Anwesenheit eines Virus geben. Das ist nichts Besonderes, weil Menschen st\u00e4ndig von Milliarden von Viren besiedelt sind. Damit m\u00fcssen wir leben, damit k\u00f6nnen wir auch gut leben. <\/strong><\/p>\n\n\n\n<p>Bei der Corona- und Impfkampagne geht es einzig und allein um den Erhalt und Ausbau der politischen Macht. Gesundheit, R\u00fccksicht und Solidarit\u00e4t sind nur vorgeschobene Begriffe der Propaganda. Auch die Nazis sprachen von einem &#8222;gesunden Volksk\u00f6rper&#8220;. Sie hatten aber nur ihre grausame Herrschaft im Sinn. <\/p>\n\n\n\n<p>Politiker, \u00c4rzte, Juristen und andere Angeh\u00f6rige der Mittelschicht wollen bei der kommenden Umgestaltung der Gesellschaft, der totalit\u00e4ren Ausrichtung, zu den Gewinnern geh\u00f6ren. Tats\u00e4chlich werden sie aber in den allgemeinen Sog nach unten mitgerissen und sich als  Verlierer wiederfinden. Die totalit\u00e4re Ausrichtung wird vor ihnen nicht Halt machen.  Ihre Enteignung hat schon begonnen. Das Lahmlegen einzelner Teile des Wirtschaftslebens betrifft jeden B\u00fcrger, auch den Rentner, der meint, dass seine Rente sicher sei. Die Sperrung der Grenzen in Europa hat jetzt schon verheerende Folgen. Keinesfalls kann der Euro seinen Wert behalten. Ob man nun einzelne Personen, wie Altmaier, opfert, \u00e4ndert nichts daran.<\/p>\n\n\n\n<p>In panischer Angst vor dem Machtverlust versch\u00e4rft die Merkel- Regierung die  Repression. Sie setzt immer wieder die Bundeswehr im Inneren ein, bildet polizeiliche Spezialeinheiten und kann doch nicht verhindern, dass Beamte mehr und mehr remonstrieren.<\/p>\n\n\n\n<p>Die Nazis hatten 1933 diese Macht noch nicht, welche  die politische Kaste jetzt mit Hilfe der Medien aus\u00fcbt. Der offene Terror setzte erst sp\u00e4ter ein.<\/p>\n\n\n\n<p>Welche Geschichte werden sich Regierung und Medien einfallen lassen, wenn keiner mehr die Story von den Mutationen h\u00f6ren will? Sind dann die Bewegung Querdenken  schuld, dass der Lockdown fortgef\u00fchrt werden muss? Bei den Nazis gab es den Begriff der Volkssch\u00e4dlinge, damit kann die Regierung aber heute nicht mehr kommen; sie tarnt das gleiche Vorhaben, die Gesellschaft zu spalten, mit dem Impfpass.<\/p>\n\n\n\n<p>Oder sind die Urlauber, die es noch \u00fcber die Grenze geschafft haben, dann schuld, an einer angeblichen Virusausbreitung?  Am Besten eignen sich jedoch die Impfverweigerer. Zuerst  werden wohl die Chefredakteure von FAZ, S\u00fcddeutsche, Springer- Presse und des Fernsehens wieder mit Helge  Braun konferieren, dann geht der Mediensturm los.<\/p>\n\n\n\n<p>Nachdem viele Menschen schon ihre Eltern oder Gro\u00dfeltern durch die Impfungen in den Altersheimen verloren haben, sollen sie sich auch noch selbst dieser t\u00f6dlichen Gefahr aussetzen. <\/p>\n\n\n\n<p>Die totalit\u00e4re Maschinerie ist gnadenlos.<\/p>\n\n\n\n<p><\/p>\n\n\n\n<p><\/p>\n\n\n\n<p><\/p>\n","protected":false,"gt_translate_keys":[{"key":"rendered","format":"html"}]},"excerpt":{"rendered":"<p>Rapid testing only serves the purpose of keeping people in fear. Now that word has gotten out that the PCR- test is inadequate for detecting infection and the people are&hellip;<\/p>\n","protected":false,"gt_translate_keys":[{"key":"rendered","format":"html"}]},"author":1,"featured_media":0,"comment_status":"open","ping_status":"open","sticky":false,"template":"","format":"standard","meta":{"footnotes":""},"categories":[11],"tags":[385,414,454,468],"class_list":["post-2389","post","type-post","status-publish","format-standard","hentry","category-politik","tag-corona-krise","tag-impfung","tag-pcr-test","tag-querdenken"],"gt_translate_keys":[{"key":"link","format":"url"}],"_links":{"self":[{"href":"https:\/\/andreastriebel.de\/index.php?rest_route=\/wp\/v2\/posts\/2389","targetHints":{"allow":["GET"]}}],"collection":[{"href":"https:\/\/andreastriebel.de\/index.php?rest_route=\/wp\/v2\/posts"}],"about":[{"href":"https:\/\/andreastriebel.de\/index.php?rest_route=\/wp\/v2\/types\/post"}],"author":[{"embeddable":true,"href":"https:\/\/andreastriebel.de\/index.php?rest_route=\/wp\/v2\/users\/1"}],"replies":[{"embeddable":true,"href":"https:\/\/andreastriebel.de\/index.php?rest_route=%2Fwp%2Fv2%2Fcomments&post=2389"}],"version-history":[{"count":6,"href":"https:\/\/andreastriebel.de\/index.php?rest_route=\/wp\/v2\/posts\/2389\/revisions"}],"predecessor-version":[{"id":2400,"href":"https:\/\/andreastriebel.de\/index.php?rest_route=\/wp\/v2\/posts\/2389\/revisions\/2400"}],"wp:attachment":[{"href":"https:\/\/andreastriebel.de\/index.php?rest_route=%2Fwp%2Fv2%2Fmedia&parent=2389"}],"wp:term":[{"taxonomy":"category","embeddable":true,"href":"https:\/\/andreastriebel.de\/index.php?rest_route=%2Fwp%2Fv2%2Fcategories&post=2389"},{"taxonomy":"post_tag","embeddable":true,"href":"https:\/\/andreastriebel.de\/index.php?rest_route=%2Fwp%2Fv2%2Ftags&post=2389"}],"curies":[{"name":"wp","href":"https:\/\/api.w.org\/{rel}","templated":true}]}}