{"id":2415,"date":"2021-02-25T16:30:00","date_gmt":"2021-02-25T15:30:00","guid":{"rendered":"http:\/\/andreastriebel.de\/?p=2415"},"modified":"2021-02-25T22:10:48","modified_gmt":"2021-02-25T21:10:48","slug":"die-zerruettung-der-krankenversorgung","status":"publish","type":"post","link":"https:\/\/andreastriebel.de\/?p=2415","title":{"rendered":"Die Zerr\u00fcttung der Krankenversorgung","gt_translate_keys":[{"key":"rendered","format":"text"}]},"content":{"rendered":"\n<p><em>When the flu epidemic subsided at the end of March 2020, the peak was passed, but the level of excitement did not begin to decrease due to the ongoing government propaganda, because the media and the government incessantly spread fear and terror. Suddenly, curfews were imposed, and the government ordered hospitals to give priority to flu patients or even suspected cases, to set up certain wards, and to refrain from surgery if possible. Suddenly, the media invaded intensive care units with their cameras and showed dramatic images of half-dressed people hooked up to tubes, with no regard for people&#8217;s dignity. In previous years, there was no such breach of taboo. When a really severe wave of influenza swept Germany in 2018, no one cared.<\/em>&#8230;<\/p>\n\n\n\n<p><strong>Als Ende M\u00e4rz 2020 die Grippewelle abflaute, der H\u00f6hepunkt \u00fcberschritten war, begann aber durch die&nbsp; fortdauernde Regierungspropaganda das Erregungsniveau nicht zu sinken, weil Medien und Regierung unabl\u00e4ssig Angst und Schrecken verbreiteten. Pl\u00f6tzlich wurden Ausgangssperren verh\u00e4ngt und die Regierung schrieb Krankenh\u00e4usern vor Grippeerkrankte oder auch nur Verdachtsf\u00e4lle bevorzugt zu behandeln, bestimmte Abteilungen einzurichten und auf Operationen m\u00f6glichst zu verzichten. Pl\u00f6tzlich drangen die Medien mit ihren Kameras in Intensivstationen ein und zeigten ohne&nbsp; R\u00fccksicht auf die W\u00fcrde der Menschen dramatische Bilder von halbbekleideten Menschen an Schl\u00e4uchen angeschlossen. In den Jahren zuvor gab es diesen Tabubruch nicht. Als 2018 eine wirklich schwere Grippewelle Deutschland \u00fcberzog, interessierte das niemanden.<\/strong><\/p>\n\n\n\n<p>Jetzt gab es aber das politische Motiv, den Abbau der Sozialkosten zu beschleunigen und f\u00fcr den wirtschaftlichen Niedergang einen Schuldigen zu finden.&nbsp; Unter dem Schutz des medialen Trommelfeuers wurden zwanzig Krankenh\u00e4user geschlossen und vierhunderttausend &nbsp;Angestellte des Gesundheitsbereichs in Kurzarbeit geschickt.<\/p>\n\n\n\n<p>In der Folge sank in dieser \u201eschlimmsten Pandemie aller Zeiten\u201c &nbsp;(so S\u00fcddeutsche, FAZ, Spiegel, usw.) die Zahl der station\u00e4ren Behandlungsf\u00e4lle in den KW 12 bis 16 &nbsp;so stark, dass Krankenh\u00e4user in Existenznot gerieten.<\/p>\n\n\n\n<figure class=\"wp-block-image size-large\"><img loading=\"lazy\" decoding=\"async\" width=\"980\" height=\"558\" src=\"https:\/\/andreastriebel.de\/wp-content\/uploads\/2021\/02\/img261720105.gif\" alt=\"\" class=\"wp-image-2426\"\/><\/figure>\n\n\n\n<p>Ohne R\u00fccksicht auf schwer Herzerkrankte, Patienten mit Schlaganf\u00e4llen oder Krebserkrankte, mussten Krankenh\u00e4user f\u00fcr geschlossene Stationen sogenannte Freihaltepauschalen beantragen. Daf\u00fcr gab es dann im Durchschnitt f\u00fcnfhundert Euro pro Bett und Tag. Wieviel zus\u00e4tzliche Todesf\u00e4lle diese Politik verursacht hat, dar\u00fcber gibt es verst\u00e4ndlicherweise keine offizielle Statistik.<\/p>\n\n\n\n<p>Die Politiker regierten auch in die Arztpraxen hinein. Diese waren in den vergangenen Jahren mit den Grippewellen immer gut fertig geworden und leisteten einen erheblichen Beitrag zur Grippebek\u00e4mpfung. Jetzt m\u00fcssen sie sich auch an dem Mummenschanz beteiligen und Hilfesuchende verunsichern. Wie viele Praxen deshalb schlie\u00dfen mussten, ist noch nicht bekannt. Es ist aber bekannt, dass Praxen, die von &nbsp;Patienten aufgesucht wurden, die sich von der medialen Verwirrung anstecken lie\u00dfen, besonders betroffen waren.<\/p>\n\n\n\n<p>Auch wenn Macron, Merkel und Kurz abgel\u00f6st sind, wird die Gesellschaft unter dem Schaden noch leiden, vermutlich eine ganze Generation lang.<\/p>\n","protected":false,"gt_translate_keys":[{"key":"rendered","format":"html"}]},"excerpt":{"rendered":"<p>When the flu epidemic subsided at the end of March 2020, the peak was passed, but the level of excitement did not begin to decrease due to the ongoing government&hellip;<\/p>\n","protected":false,"gt_translate_keys":[{"key":"rendered","format":"html"}]},"author":1,"featured_media":0,"comment_status":"open","ping_status":"open","sticky":false,"template":"","format":"standard","meta":{"footnotes":""},"categories":[45,12,11],"tags":[385],"class_list":["post-2415","post","type-post","status-publish","format-standard","hentry","category-gesellschaft","category-medizin","category-politik","tag-corona-krise"],"gt_translate_keys":[{"key":"link","format":"url"}],"_links":{"self":[{"href":"https:\/\/andreastriebel.de\/index.php?rest_route=\/wp\/v2\/posts\/2415","targetHints":{"allow":["GET"]}}],"collection":[{"href":"https:\/\/andreastriebel.de\/index.php?rest_route=\/wp\/v2\/posts"}],"about":[{"href":"https:\/\/andreastriebel.de\/index.php?rest_route=\/wp\/v2\/types\/post"}],"author":[{"embeddable":true,"href":"https:\/\/andreastriebel.de\/index.php?rest_route=\/wp\/v2\/users\/1"}],"replies":[{"embeddable":true,"href":"https:\/\/andreastriebel.de\/index.php?rest_route=%2Fwp%2Fv2%2Fcomments&post=2415"}],"version-history":[{"count":5,"href":"https:\/\/andreastriebel.de\/index.php?rest_route=\/wp\/v2\/posts\/2415\/revisions"}],"predecessor-version":[{"id":2428,"href":"https:\/\/andreastriebel.de\/index.php?rest_route=\/wp\/v2\/posts\/2415\/revisions\/2428"}],"wp:attachment":[{"href":"https:\/\/andreastriebel.de\/index.php?rest_route=%2Fwp%2Fv2%2Fmedia&parent=2415"}],"wp:term":[{"taxonomy":"category","embeddable":true,"href":"https:\/\/andreastriebel.de\/index.php?rest_route=%2Fwp%2Fv2%2Fcategories&post=2415"},{"taxonomy":"post_tag","embeddable":true,"href":"https:\/\/andreastriebel.de\/index.php?rest_route=%2Fwp%2Fv2%2Ftags&post=2415"}],"curies":[{"name":"wp","href":"https:\/\/api.w.org\/{rel}","templated":true}]}}