{"id":2470,"date":"2021-03-03T20:44:16","date_gmt":"2021-03-03T19:44:16","guid":{"rendered":"http:\/\/andreastriebel.de\/?p=2470"},"modified":"2021-03-04T18:37:11","modified_gmt":"2021-03-04T17:37:11","slug":"soll-das-weiter-verschwiegen-werden-warum-wird-nicht-obduziert","status":"publish","type":"post","link":"https:\/\/andreastriebel.de\/?p=2470","title":{"rendered":"Soll das weiter verschwiegen werden?","gt_translate_keys":[{"key":"rendered","format":"text"}]},"content":{"rendered":"\n<p class=\"has-medium-font-size\"><strong>Warum darf nicht obduziert werden?<\/strong><\/p>\n\n\n\n<p><a href=\"https:\/\/corona-blog.net\/2021\/03\/02\/dramatischer-anstieg-der-todesfaelle-unter-senioren-seit-beginn-der-corona-schutzimpfungen\/\">https:\/\/corona-blog.net\/2021\/03\/02\/dramatischer-anstieg-der-todesfaelle-unter-senioren-seit-beginn-der-corona-schutzimpfungen\/<\/a><\/p>\n\n\n\n<h1 class=\"wp-block-heading\"><em>Dramatic increase in deaths among seniors since &#8222;corona vaccinations&#8220; began<\/em>&#8230;<\/h1>\n\n\n\n<h1 class=\"wp-block-heading\">Dramatischer Anstieg der Todesf\u00e4lle unter Senioren seit Beginn der \u201eCorona-Schutzimpfungen\u201c<\/h1>\n\n\n\n<p>Am 26.12.2020 wurde in Deutschland die erste Seniorin, die 101 Jahre alte Heimbewohnerin Edith Kwoizalla, gegen das Coronavirus geimpft.<br>Eine Sonderauswertung zu den RKI-Daten gibt Erschreckendes preis: Seit Beginn der \u201eCorona Schutzimpfungen\u201c ist die Anzahl an Todesf\u00e4llen unter Senioren dramatisch angestiegen.<\/p>\n\n\n\n<p>Die Anzahl der Verstorbenen ist in den vergangenen zwei Monaten fast \u00fcberall mindestens so hoch wie in den 12 Monaten zuvor. In 51 Landkreisen ist die Sterblichkeit \u00fcber viermal so hoch, in 22 Landkreisen davon sogar \u00fcber sechsmal.<\/p>\n\n\n\n<figure class=\"wp-block-image size-large\"><img loading=\"lazy\" decoding=\"async\" width=\"595\" height=\"840\" src=\"https:\/\/andreastriebel.de\/wp-content\/uploads\/2021\/03\/2-2.png\" alt=\"\" class=\"wp-image-2472\" srcset=\"https:\/\/andreastriebel.de\/wp-content\/uploads\/2021\/03\/2-2.png 595w, https:\/\/andreastriebel.de\/wp-content\/uploads\/2021\/03\/2-2-213x300.png 213w\" sizes=\"auto, (max-width: 595px) 100vw, 595px\" \/><\/figure>\n\n\n\n<p><a rel=\"noreferrer noopener\" href=\"https:\/\/corona-transition.org\/geimpfte-in-israel-haben-eine-40-mal-hohere-mortalitat-als-ungeimpfte\" target=\"_blank\">Geimpfte in Israel haben eine 40 mal h\u00f6here Mortalit\u00e4t als Ungeimpfte &#8211; israelische Forscher sprechen von einem \u00abneuen Holocaust<\/a><\/p>\n\n\n\n<p>Dies zeigte eine Analyse der Daten des Gesundheitsministeriums. Bei jungen Geimpften ist die Mortalit\u00e4t noch wesentlich h\u00f6her. Von Patrick Delaney, LifeSite<\/p>\n","protected":false,"gt_translate_keys":[{"key":"rendered","format":"html"}]},"excerpt":{"rendered":"<p>Warum darf nicht obduziert werden? https:\/\/corona-blog.net\/2021\/03\/02\/dramatischer-anstieg-der-todesfaelle-unter-senioren-seit-beginn-der-corona-schutzimpfungen\/ Dramatic increase in deaths among seniors since &#8222;corona vaccinations&#8220; began&#8230; Dramatischer Anstieg der Todesf\u00e4lle unter Senioren seit Beginn der \u201eCorona-Schutzimpfungen\u201c Am 26.12.2020 wurde in&hellip;<\/p>\n","protected":false,"gt_translate_keys":[{"key":"rendered","format":"html"}]},"author":1,"featured_media":0,"comment_status":"open","ping_status":"open","sticky":false,"template":"","format":"standard","meta":{"footnotes":""},"categories":[45,11],"tags":[385,414,453],"class_list":["post-2470","post","type-post","status-publish","format-standard","hentry","category-gesellschaft","category-politik","tag-corona-krise","tag-impfung","tag-todesfaelle"],"gt_translate_keys":[{"key":"link","format":"url"}],"_links":{"self":[{"href":"https:\/\/andreastriebel.de\/index.php?rest_route=\/wp\/v2\/posts\/2470","targetHints":{"allow":["GET"]}}],"collection":[{"href":"https:\/\/andreastriebel.de\/index.php?rest_route=\/wp\/v2\/posts"}],"about":[{"href":"https:\/\/andreastriebel.de\/index.php?rest_route=\/wp\/v2\/types\/post"}],"author":[{"embeddable":true,"href":"https:\/\/andreastriebel.de\/index.php?rest_route=\/wp\/v2\/users\/1"}],"replies":[{"embeddable":true,"href":"https:\/\/andreastriebel.de\/index.php?rest_route=%2Fwp%2Fv2%2Fcomments&post=2470"}],"version-history":[{"count":9,"href":"https:\/\/andreastriebel.de\/index.php?rest_route=\/wp\/v2\/posts\/2470\/revisions"}],"predecessor-version":[{"id":2484,"href":"https:\/\/andreastriebel.de\/index.php?rest_route=\/wp\/v2\/posts\/2470\/revisions\/2484"}],"wp:attachment":[{"href":"https:\/\/andreastriebel.de\/index.php?rest_route=%2Fwp%2Fv2%2Fmedia&parent=2470"}],"wp:term":[{"taxonomy":"category","embeddable":true,"href":"https:\/\/andreastriebel.de\/index.php?rest_route=%2Fwp%2Fv2%2Fcategories&post=2470"},{"taxonomy":"post_tag","embeddable":true,"href":"https:\/\/andreastriebel.de\/index.php?rest_route=%2Fwp%2Fv2%2Ftags&post=2470"}],"curies":[{"name":"wp","href":"https:\/\/api.w.org\/{rel}","templated":true}]}}