{"id":2491,"date":"2021-03-10T21:02:02","date_gmt":"2021-03-10T20:02:02","guid":{"rendered":"http:\/\/andreastriebel.de\/?p=2491"},"modified":"2021-03-10T21:05:17","modified_gmt":"2021-03-10T20:05:17","slug":"wann-stuerzt-das-corona-luegengebaeude-zusammen","status":"publish","type":"post","link":"https:\/\/andreastriebel.de\/?p=2491","title":{"rendered":"Wann st\u00fcrzt das Corona- L\u00fcgengeb\u00e4ude  zusammen?","gt_translate_keys":[{"key":"rendered","format":"text"}]},"content":{"rendered":"\n<p><em>With all their might, the government and the mainstream media try to inflate the annual virus epidemic into a particularly dangerous pandemic. But lies have short legs; because the campaign is gradually being seen through, new stories are being invented all the time. At the moment, it is the mutants that are supposedly causing trouble for the people. When their dangerousness is emphasized, most people already listen away: the whole thing has become so transparent and the political intention increasingly clear and that in no way does concern for health play a role, so the government must proceed with increased repression.<\/em>&#8230;<\/p>\n\n\n\n<p><strong>Mit aller Macht versuchen Regierung und Mainstream- Medien die j\u00e4hrliche Virusepidemie zu einer besonders gef\u00e4hrlichen Pandemie aufzublasen. Aber L\u00fcgen haben kurze Beine; weil die Kampagne allm\u00e4hlich durchschaut wird, werden immer neue Geschichten erfunden. Im Moment sind es die Mutanten, die dem Volk angeblich zu schaffen machen. Wenn deren Gef\u00e4hrlichkeit betont wird, h\u00f6ren schon die meisten Menschen weg: Das Ganze ist so durchsichtig und die politische Absicht immer klarer geworden, und dass keineswegs die Sorge um Gesundheit eine Rolle spielt, so dass die Regierung mit verst\u00e4rkter Repression vorgehen muss.<\/strong><\/p>\n\n\n\n<p>Inzwischen werden gegen politische Gegner sogar geheimdienstliche Mittel eingesetzt, das geh\u00f6rt inzwischen zur Tagesordnung der Geheimdienste. Das Kanzleramt hat den Landesbeh\u00f6rden umfangreiche Vorgaben f\u00fcr eine Eskalation der Ma\u00dfnahmen zur Einsch\u00fcchterung und auch zum Mundtotmachen von Gegnern gemacht. &nbsp;Wer bei Demonstrationen redet, steht unter besonderer Beobachtung und alle Vorbereitungen zur Ausschaltung sind getroffen. Telefon- und Postgeheimnis sind nicht mehr gesch\u00fctzt. Arztgeheimnis, Schutz von Patientendaten, informationelle Selbstbestimmung, das war einmal. Das war die alte Normalit\u00e4t, in der neuen sind die Grundrechte nur noch ein St\u00fcck Papier.<\/p>\n\n\n\n<p>Gro\u00dfen Teilen der Menschen wird durch das Arbeitsverbot die Existenzgrundlage entzogen, das wirtschaftliche Elend erfasst immer gr\u00f6\u00dfere Teile der Gesellschaft. Mit gro\u00dfer Kaltbl\u00fctigkeit spricht die Regierung von Solidarit\u00e4t und F\u00fcrsorge. Diese Heuchelei stinkt gen Himmel.<\/p>\n\n\n\n<p>Passend dazu schm\u00fcckt sich die politische und teilweise auch die juristische Elite in schamloser Weise mit gekauften Doktortiteln und Professorenbezeichnungen. Dem gemeinen Volk aber wird nicht einmal das Recht auf k\u00f6rperliche Unversehrtheit zugestanden. Ihm wird eine potentiell t\u00f6dliche Impfung oktroyiert. Wer kann es noch wagen, seine alten Eltern im Pflegeheim unterzubringen? Gnadenlos wird ausgesiebt. Wer die Impfung \u00fcbersteht, hat Gl\u00fcck gehabt. Wer stirbt, bei dem hat dann angeblich Corona zugeschlagen. Krankenschwestern und \u00c4rzte werden verf\u00fchrt, sich der\u00a0 Impfung zu unterziehen, die gelegentlich t\u00f6dlichen Folgen werden achselzuckend hingenommen. Und demente Patienten und behinderte\u00a0 sollen auch noch vorgezogen werden. Wer denkt da nicht an die dunkle Zeit vor achtzig Jahren? Wir erleben einen politischen Amoklauf.<\/p>\n\n\n\n<p><strong>Liberalit\u00e4t und Demokratie nur bei sch\u00f6nem Wetter<\/strong><\/p>\n\n\n\n<p>Nachdem 1968 die Bew\u00e4ltigung der \u00dcberreste des Nationalsozialismus geschafft war, ein ideologisches Tauwetter einsetzte, und ein friedliches Zeitalter aufschien, setzte aber doch schnell wieder das Wettr\u00fcsten ein und durch den Zusammenbruch der Sowjetunion konnte sich die neoliberale Variante des Kapitalismus ausbreiten. In den letzten zehn Jahren ist die endlose Verteilung von unten nach oben aber an ein Ende gekommen, die kapitalistische Wirtschafts- und Gesellschaftsform ist an die Wand gefahren, mit China ist ein neuer Konkurrent aufgetreten, der der westlichen Expansion Grenzen setzt. Jetzt nimmt die Aggressivit\u00e4t nach Innen und nach Au\u00dfen wieder zu.&nbsp; Das Bild ver\u00e4ndert sich, knorrige Individuen an der Spitze von Justiz und Politik (Brandt, Benda) sind nicht mehr gefragt. Glatte, \u00f6lige Typen k\u00f6nnen die Mittelklasse besser repr\u00e4sentieren und die Repression nach unten besser \u00fcberdecken. Auch Frauen k\u00f6nnen das h\u00e4ssliche Gesicht der Klassenherrschaft eleganter verwischen.<\/p>\n\n\n\n<p>Weil auch das nicht mehr&nbsp; ausreichen wird, werden mehr und mehr die Instrumente von Milit\u00e4r, Polizei und Strafjustiz gezeigt. Ob sich die Bev\u00f6lkerung allerdings damit zur\u00fcck halten l\u00e4sst, wenn der wirtschaftliche Zusammenbruch katastrophale Formen annimmt?<\/p>\n\n\n\n<p><a href=\"https:\/\/www.rubikon.news\/artikel\/der-etikettenschwindel\">https:\/\/www.rubikon.news\/artikel\/der-etikettenschwindel<\/a><\/p>\n\n\n\n<h1 class=\"wp-block-heading\">Der Etikettenschwindel<\/h1>\n\n\n\n<h2 class=\"wp-block-heading\">Politiker, die vorher nicht f\u00fcr ihre brillante Gesundheitspolitik bekannt waren, nutzen den Coronaschock, um einen drohenden Finanzcrash zu verhindern.<\/h2>\n\n\n\n<p>von <a href=\"https:\/\/www.rubikon.news\/autoren\/ernst-wolff\">Ernst Wolff<\/a><\/p>\n\n\n\n<p>\u201eEs hatte bisher keinerlei Erfolg \u2014 also machen wir weiter so!\u201c Dies scheint das Motto der Akteure der weltweiten Lockdowns zu sein. Sie haben auf den Gebieten Demokratie, psychosoziale Gesundheit und Wirtschaft eigentlich verbrannte Erde hinterlassen, haben Millionen von Menschen in die Armut und teilweise in den Tod getrieben. Dennoch scheint die dringendste Sorge der M\u00e4chtigen \u201eleichtsinnigen\u201c Lockerungen zu gelten. Wer die Angelegenheit so betrachtet, st\u00f6\u00dft aber wahrscheinlich nicht zur Kernfrage vor. Aus anderer Perspektive war das Corona-Theater durchaus erfolgreich: f\u00fcr die Finanzm\u00e4rkte, die sich mit seiner Hilfe angesichts eines drohenden Zusammenbruchs noch einmal \u00fcber die Runden gerettet haben. Und f\u00fcr die Superreichen, f\u00fcr die das Leid der Menschen der Strom war, mit dem sie ihre Gelddruckmaschinen angetrieben haben&#8230;<\/p>\n\n\n\n<p><a href=\"https:\/\/www.rubikon.news\/artikel\/der-etikettenschwindel\">https:\/\/www.rubikon.news\/artikel\/der-etikettenschwindel<\/a><\/p>\n","protected":false,"gt_translate_keys":[{"key":"rendered","format":"html"}]},"excerpt":{"rendered":"<p>With all their might, the government and the mainstream media try to inflate the annual virus epidemic into a particularly dangerous pandemic. But lies have short legs; because the campaign&hellip;<\/p>\n","protected":false,"gt_translate_keys":[{"key":"rendered","format":"html"}]},"author":1,"featured_media":0,"comment_status":"open","ping_status":"open","sticky":false,"template":"","format":"standard","meta":{"footnotes":""},"categories":[45,11],"tags":[385,210,414,38,554,40],"class_list":["post-2491","post","type-post","status-publish","format-standard","hentry","category-gesellschaft","category-politik","tag-corona-krise","tag-demokratie","tag-impfung","tag-kapitalismus","tag-mutanten","tag-nationalsozialismus"],"gt_translate_keys":[{"key":"link","format":"url"}],"_links":{"self":[{"href":"https:\/\/andreastriebel.de\/index.php?rest_route=\/wp\/v2\/posts\/2491","targetHints":{"allow":["GET"]}}],"collection":[{"href":"https:\/\/andreastriebel.de\/index.php?rest_route=\/wp\/v2\/posts"}],"about":[{"href":"https:\/\/andreastriebel.de\/index.php?rest_route=\/wp\/v2\/types\/post"}],"author":[{"embeddable":true,"href":"https:\/\/andreastriebel.de\/index.php?rest_route=\/wp\/v2\/users\/1"}],"replies":[{"embeddable":true,"href":"https:\/\/andreastriebel.de\/index.php?rest_route=%2Fwp%2Fv2%2Fcomments&post=2491"}],"version-history":[{"count":13,"href":"https:\/\/andreastriebel.de\/index.php?rest_route=\/wp\/v2\/posts\/2491\/revisions"}],"predecessor-version":[{"id":2505,"href":"https:\/\/andreastriebel.de\/index.php?rest_route=\/wp\/v2\/posts\/2491\/revisions\/2505"}],"wp:attachment":[{"href":"https:\/\/andreastriebel.de\/index.php?rest_route=%2Fwp%2Fv2%2Fmedia&parent=2491"}],"wp:term":[{"taxonomy":"category","embeddable":true,"href":"https:\/\/andreastriebel.de\/index.php?rest_route=%2Fwp%2Fv2%2Fcategories&post=2491"},{"taxonomy":"post_tag","embeddable":true,"href":"https:\/\/andreastriebel.de\/index.php?rest_route=%2Fwp%2Fv2%2Ftags&post=2491"}],"curies":[{"name":"wp","href":"https:\/\/api.w.org\/{rel}","templated":true}]}}