{"id":2510,"date":"2021-03-15T19:45:59","date_gmt":"2021-03-15T18:45:59","guid":{"rendered":"http:\/\/andreastriebel.de\/?p=2510"},"modified":"2021-03-16T19:40:04","modified_gmt":"2021-03-16T18:40:04","slug":"impfstoffe-mit-vektorviren-erhoehen-die-gefahr-einer-hiv-infektion","status":"publish","type":"post","link":"https:\/\/andreastriebel.de\/?p=2510","title":{"rendered":"Impfstoffe mit Vektorviren erh\u00f6hen die Gefahr einer HIV- Infektion","gt_translate_keys":[{"key":"rendered","format":"text"}]},"content":{"rendered":"\n<p><em>This is another reason why African countries do not want the Corona vaccines. They know that the risk of other viral infections is increased after vaccination. They know that vector vaccines can lead to adverse effects, i.e. opposite effects, and often with a time delay. They do not want DNA viruses such as adenoviruses to become permanently incorporated into their genome. They do not want to take the increased risk of tumors through mRNA vaccines. The risk-benefit analysis is clearly against vector vaccines. They also do not want to be dependent on the Gates Foundation every year when the vaccination has to be refreshed. They would rather do without IMF loans. &#8230;<\/em><\/p>\n\n\n\n<p><strong>Auch deswegen wollen afrikanische Staaten die Corona- Impfstoffe nicht haben. Ihnen ist bekannt, dass das Risiko anderer viraler Infektionen nach Impfung erh\u00f6ht ist. Sie wissen, dass Vektorimpfstoffe zu adversen, also gegenteiligen Effekten f\u00fchren k\u00f6nnen und dies oft zeitverz\u00f6gert. Sie wollen nicht, dass sich DNA- Viren wie Adenoviren dauerhaft in ihr Genom einbauen. Das erh\u00f6hte Tumorrisiko durch mRNA- Impfstoffe wollen sie nicht eingehen. Die Nutzen- Risikoabw\u00e4gung f\u00e4llt ganz klar gegen die Vektorimpfstoffe aus. Sie wollen auch nicht jedes Jahr, wenn die Impfung aufgefrischt werden muss, von der Gates- Stiftung abh\u00e4ngig sein. Lieber verzichten sie auf IWF- Kredite. <\/strong><\/p>\n\n\n\n<p>Sie wissen, dass kein Test gegen ein Placebo stattgefunden hat. Bekannt ist ihnen auch, dass bei siebzig Prozent der  Testpersonen des AstraZeneca- Impfstoffes eine starke M\u00fcdigkeit auftrat und bei der H\u00e4lfte eine starke Verminderung der wei\u00dfen Blutk\u00f6rperchen. Dadurch waren  eine Zeit lang die  Abwehrkr\u00e4fte gegen Infektionskrankheiten vermindert. Bei BioNTech und auch den anderen mRNA- Impfstoffen wurde in \u00fcber siebzig Prozent Fieber 38 Grad festgestellt.  Die zwei R\u00fcckenmarksentz\u00fcndungen mit L\u00e4hmungen wurden verharmlost.  Presse und Fernsehen berichteten, dass kein Zusammenhang zur Impfung bestehen w\u00fcrde. Professor Bhakdi warnte eindr\u00fccklich vor Blutgerinnseln in verschiedenen Organen, aber Medien und regierungsabh\u00e4ngige Beh\u00f6rden erz\u00e4hlen einm\u00fctig, dass das Zufall  sei und nicht an der Impfung liegen w\u00fcrde.<\/p>\n\n\n\n<p> Erst jetzt nach den vielen Todesopfern wird der Impfstoff von AstraZeneca aus dem Handel gezogen und Gates muss einige hundert Millionen abschreiben. Aber Moderna ist nicht besser als BioNTech. Menschen mit Allergien in der Vorgeschichte reagieren sehr schnell. Andere dagegen werden die verheerenden und teilweise t\u00f6dlichen Wirkungen erst im kommenden Herbst sp\u00fcren.<\/p>\n\n\n\n<p>Und wer k\u00fcmmert sich um unsere alten Menschen, die nach der &#8222;Impfung&#8220; aus voller Gesundheit heraus pl\u00f6tzlich sterben m\u00fcssen? Eine zivilisatorische Katastrophe ohnegleichen.<\/p>\n\n\n\n<figure class=\"wp-block-image size-large is-resized\"><img loading=\"lazy\" decoding=\"async\" src=\"https:\/\/andreastriebel.de\/wp-content\/uploads\/2021\/03\/7552xcv-683x1024.png\" alt=\"\" class=\"wp-image-2515\" width=\"683\" height=\"1024\" srcset=\"https:\/\/andreastriebel.de\/wp-content\/uploads\/2021\/03\/7552xcv-683x1024.png 683w, https:\/\/andreastriebel.de\/wp-content\/uploads\/2021\/03\/7552xcv-200x300.png 200w, https:\/\/andreastriebel.de\/wp-content\/uploads\/2021\/03\/7552xcv-768x1151.png 768w, https:\/\/andreastriebel.de\/wp-content\/uploads\/2021\/03\/7552xcv-1025x1536.png 1025w, https:\/\/andreastriebel.de\/wp-content\/uploads\/2021\/03\/7552xcv-1367x2048.png 1367w, https:\/\/andreastriebel.de\/wp-content\/uploads\/2021\/03\/7552xcv.png 1432w\" sizes=\"auto, (max-width: 683px) 100vw, 683px\" \/><figcaption><a rel=\"noreferrer noopener\" href=\"https:\/\/www.wodarg.com\/\" target=\"_blank\">https:\/\/www.wodarg.com\/<\/a><\/figcaption><\/figure>\n","protected":false,"gt_translate_keys":[{"key":"rendered","format":"html"}]},"excerpt":{"rendered":"<p>This is another reason why African countries do not want the Corona vaccines. They know that the risk of other viral infections is increased after vaccination. They know that vector&hellip;<\/p>\n","protected":false,"gt_translate_keys":[{"key":"rendered","format":"html"}]},"author":1,"featured_media":0,"comment_status":"open","ping_status":"open","sticky":false,"template":"","format":"standard","meta":{"footnotes":""},"categories":[45,12],"tags":[564,565,385,563,561,562],"class_list":["post-2510","post","type-post","status-publish","format-standard","hentry","category-gesellschaft","category-medizin","tag-astrazeneca","tag-biontech","tag-corona-krise","tag-dna-viren","tag-moderna","tag-mrna-impfstoff"],"gt_translate_keys":[{"key":"link","format":"url"}],"_links":{"self":[{"href":"https:\/\/andreastriebel.de\/index.php?rest_route=\/wp\/v2\/posts\/2510","targetHints":{"allow":["GET"]}}],"collection":[{"href":"https:\/\/andreastriebel.de\/index.php?rest_route=\/wp\/v2\/posts"}],"about":[{"href":"https:\/\/andreastriebel.de\/index.php?rest_route=\/wp\/v2\/types\/post"}],"author":[{"embeddable":true,"href":"https:\/\/andreastriebel.de\/index.php?rest_route=\/wp\/v2\/users\/1"}],"replies":[{"embeddable":true,"href":"https:\/\/andreastriebel.de\/index.php?rest_route=%2Fwp%2Fv2%2Fcomments&post=2510"}],"version-history":[{"count":7,"href":"https:\/\/andreastriebel.de\/index.php?rest_route=\/wp\/v2\/posts\/2510\/revisions"}],"predecessor-version":[{"id":2519,"href":"https:\/\/andreastriebel.de\/index.php?rest_route=\/wp\/v2\/posts\/2510\/revisions\/2519"}],"wp:attachment":[{"href":"https:\/\/andreastriebel.de\/index.php?rest_route=%2Fwp%2Fv2%2Fmedia&parent=2510"}],"wp:term":[{"taxonomy":"category","embeddable":true,"href":"https:\/\/andreastriebel.de\/index.php?rest_route=%2Fwp%2Fv2%2Fcategories&post=2510"},{"taxonomy":"post_tag","embeddable":true,"href":"https:\/\/andreastriebel.de\/index.php?rest_route=%2Fwp%2Fv2%2Ftags&post=2510"}],"curies":[{"name":"wp","href":"https:\/\/api.w.org\/{rel}","templated":true}]}}