{"id":252,"date":"2017-07-01T07:58:24","date_gmt":"2017-07-01T07:58:24","guid":{"rendered":"http:\/\/andreastriebel.de\/?p=252"},"modified":"2017-08-11T15:27:25","modified_gmt":"2017-08-11T15:27:25","slug":"helmut-kohl-war-dem-historischen-augenblick-nicht-gewachsen","status":"publish","type":"post","link":"https:\/\/andreastriebel.de\/?p=252","title":{"rendered":"Helmut Kohl war dem historischen Augenblick nicht gewachsen","gt_translate_keys":[{"key":"rendered","format":"text"}]},"content":{"rendered":"<p>Kohl und seine Regierungsclique wurden von den Ereignissen in der DDR \u00fcberrollt. Sie entwarfen den Plan zur Konf\u00f6deration, den die DDR- Bev\u00f6lkerung nicht billigte. Der nicht opportunistische und nicht korrumpierte Teil der DDR- Intelligenz wollte keine Unterwerfung sondern eine h\u00f6here Stufe der Demokratie. Kohl verstand das nicht, wollte das nicht. Er hatte keine Vision, er war einTaktiker der Macht.<\/p>\n<p>Adenauer oder Brandt hatten jeweils ihre strategischen Pl\u00e4ne im Hintergrund wie Westbindung oder bei Brandt die \u00d6ffnung nach Osten und &#8222;mehr Demokratie wagen&#8220;.<\/p>\n<p>Kohl jedoch \u00fcberlie\u00df die DDR den westdeutschen Konzernen und forcierte die Deindustrialisierung und Entmutigung der Bev\u00f6lkerung. Das entsprach zwar den realen Machtverh\u00e4ltnissen, war ihnen aber um keinen Millimeter voraus. Es wurde ein gesellschaftspolitischer Moment verpasst. Die kritische Sicht auf die europ\u00e4ischen Institutionen hat auch hier ihre Ursachen. Das Geschwafel der politischen Klasse vom gro\u00dfen Europ\u00e4er Kohl verdeckt nur die eigene Strategielosigkeit.<\/p>\n","protected":false,"gt_translate_keys":[{"key":"rendered","format":"html"}]},"excerpt":{"rendered":"<p>Kohl und seine Regierungsclique wurden von den Ereignissen in der DDR \u00fcberrollt. Sie entwarfen den Plan zur Konf\u00f6deration, den die DDR- Bev\u00f6lkerung nicht billigte. Der nicht opportunistische und nicht korrumpierte&hellip;<\/p>\n","protected":false,"gt_translate_keys":[{"key":"rendered","format":"html"}]},"author":1,"featured_media":0,"comment_status":"open","ping_status":"open","sticky":false,"template":"","format":"standard","meta":{"footnotes":""},"categories":[45,11],"tags":[25,90],"class_list":["post-252","post","type-post","status-publish","format-standard","hentry","category-gesellschaft","category-politik","tag-ddr","tag-helmut-kohl"],"gt_translate_keys":[{"key":"link","format":"url"}],"_links":{"self":[{"href":"https:\/\/andreastriebel.de\/index.php?rest_route=\/wp\/v2\/posts\/252","targetHints":{"allow":["GET"]}}],"collection":[{"href":"https:\/\/andreastriebel.de\/index.php?rest_route=\/wp\/v2\/posts"}],"about":[{"href":"https:\/\/andreastriebel.de\/index.php?rest_route=\/wp\/v2\/types\/post"}],"author":[{"embeddable":true,"href":"https:\/\/andreastriebel.de\/index.php?rest_route=\/wp\/v2\/users\/1"}],"replies":[{"embeddable":true,"href":"https:\/\/andreastriebel.de\/index.php?rest_route=%2Fwp%2Fv2%2Fcomments&post=252"}],"version-history":[{"count":3,"href":"https:\/\/andreastriebel.de\/index.php?rest_route=\/wp\/v2\/posts\/252\/revisions"}],"predecessor-version":[{"id":255,"href":"https:\/\/andreastriebel.de\/index.php?rest_route=\/wp\/v2\/posts\/252\/revisions\/255"}],"wp:attachment":[{"href":"https:\/\/andreastriebel.de\/index.php?rest_route=%2Fwp%2Fv2%2Fmedia&parent=252"}],"wp:term":[{"taxonomy":"category","embeddable":true,"href":"https:\/\/andreastriebel.de\/index.php?rest_route=%2Fwp%2Fv2%2Fcategories&post=252"},{"taxonomy":"post_tag","embeddable":true,"href":"https:\/\/andreastriebel.de\/index.php?rest_route=%2Fwp%2Fv2%2Ftags&post=252"}],"curies":[{"name":"wp","href":"https:\/\/api.w.org\/{rel}","templated":true}]}}